{"id":4510,"date":"2021-06-28T12:12:16","date_gmt":"2021-06-28T10:12:16","guid":{"rendered":"https:\/\/slovenci.rs\/?p=4510"},"modified":"2021-06-28T12:14:33","modified_gmt":"2021-06-28T10:14:33","slug":"slovenika-uvrstena-na-erih-plus-listu","status":"publish","type":"post","link":"https:\/\/slovenci.rs\/sl\/slovenika-uvrstena-na-erih-plus-listu\/","title":{"rendered":"&#8222;SLOVENIKA&#8220; UVR\u0160TENA NA ERIH PLUS LISTU"},"content":{"rendered":"<p>&nbsp;<\/p>\n<p style=\"font-weight: 400;\">Nau\u010dni \u010dasopis Slovenika uvr\u0161ten je na Erih plus listu!<\/p>\n<p><a href=\"https:\/\/dbh.nsd.uib.no\/publiseringskanaler\/erihplus\/periodical\/info?id=496500\">https:\/\/dbh.nsd.uib.no\/publiseringskanaler\/erihplus\/periodical\/info?id=496500<\/a><\/p>\n<p style=\"font-weight: 400;\">Svima koji su u\u010destvovali u formiranju i razvoju nau\u010dnog \u010dasopisa Slovenika iskreno se zahvaljujemo.<\/p>\n<p style=\"font-weight: 400;\">Glavne i odgovorne urednice,<\/p>\n<p style=\"font-weight: 400;\">Biljana Milenkovi\u0107 Vukovi\u0107 i Maja \u0110ukanovi\u0107<\/p>\n<p style=\"font-weight: 400;\">&#8212;&#8212;&#8212;&#8212;&#8212;&#8212;&#8212;&#8212;&#8212;&#8212;&#8212;&#8212;&#8212;&#8212;&#8212;&#8212;&#8212;&#8212;&#8212;&#8212;&#8212;&#8212;&#8212;&#8212;&#8212;&#8212;&#8212;&#8212;&#8212;&#8212;&#8212;&#8212;&#8212;&#8212;&#8212;&#8212;&#8212;&#8212;&#8212;&#8212;-<\/p>\n<p style=\"font-weight: 400;\">Znanstveni \u010dasopis Slovenika je uvr\u0161\u010den na Erih plus listo!<\/p>\n<p><a href=\"https:\/\/dbh.nsd.uib.no\/publiseringskanaler\/erihplus\/periodical\/info?id=496500\">https:\/\/dbh.nsd.uib.no\/publiseringskanaler\/erihplus\/periodical\/info?id=496500<\/a><\/p>\n<p style=\"font-weight: 400;\">Vsem, ki ste sodelovali v oblikovanju in razvoju znanstvenega \u010dasopisa Slovenika se iskreno zahvaljujeva.<\/p>\n<p style=\"font-weight: 400;\">Glavni in odgovorni urednici,<\/p>\n<p style=\"font-weight: 400;\">Biljana Milenkovi\u0107 Vukovi\u0107 in Maja \u0110ukanovi\u0107<\/p>","protected":false},"excerpt":{"rendered":"<p>&nbsp; Nau\u010dni \u010dasopis Slovenika uvr\u0161ten je na Erih plus listu! https:\/\/dbh.nsd.uib.no\/publiseringskanaler\/erihplus\/periodical\/info?id=496500 Svima koji su u\u010destvovali u formiranju i razvoju nau\u010dnog \u010dasopisa Slovenika iskreno se zahvaljujemo. Glavne i odgovorne urednice, Biljana Milenkovi\u0107 Vukovi\u0107 i Maja \u0110ukanovi\u0107 &#8212;&#8212;&#8212;&#8212;&#8212;&#8212;&#8212;&#8212;&#8212;&#8212;&#8212;&#8212;&#8212;&#8212;&#8212;&#8212;&#8212;&#8212;&#8212;&#8212;&#8212;&#8212;&#8212;&#8212;&#8212;&#8212;&#8212;&#8212;&#8212;&#8212;&#8212;&#8212;&#8212;&#8212;&#8212;&#8212;&#8212;&#8212;&#8212;&#8212;- Znanstveni \u010dasopis Slovenika je uvr\u0161\u010den na Erih plus listo! https:\/\/dbh.nsd.uib.no\/publiseringskanaler\/erihplus\/periodical\/info?id=496500 Vsem, ki ste sodelovali v oblikovanju in razvoju znanstvenega [&hellip;]<\/p>\n","protected":false},"author":1,"featured_media":0,"comment_status":"closed","ping_status":"closed","sticky":false,"template":"","format":"standard","meta":{"footnotes":""},"categories":[1],"tags":[],"class_list":["post-4510","post","type-post","status-publish","format-standard","hentry","category-uncategorized"],"_links":{"self":[{"href":"https:\/\/slovenci.rs\/sl\/wp-json\/wp\/v2\/posts\/4510","targetHints":{"allow":["GET"]}}],"collection":[{"href":"https:\/\/slovenci.rs\/sl\/wp-json\/wp\/v2\/posts"}],"about":[{"href":"https:\/\/slovenci.rs\/sl\/wp-json\/wp\/v2\/types\/post"}],"author":[{"embeddable":true,"href":"https:\/\/slovenci.rs\/sl\/wp-json\/wp\/v2\/users\/1"}],"replies":[{"embeddable":true,"href":"https:\/\/slovenci.rs\/sl\/wp-json\/wp\/v2\/comments?post=4510"}],"version-history":[{"count":3,"href":"https:\/\/slovenci.rs\/sl\/wp-json\/wp\/v2\/posts\/4510\/revisions"}],"predecessor-version":[{"id":4513,"href":"https:\/\/slovenci.rs\/sl\/wp-json\/wp\/v2\/posts\/4510\/revisions\/4513"}],"wp:attachment":[{"href":"https:\/\/slovenci.rs\/sl\/wp-json\/wp\/v2\/media?parent=4510"}],"wp:term":[{"taxonomy":"category","embeddable":true,"href":"https:\/\/slovenci.rs\/sl\/wp-json\/wp\/v2\/categories?post=4510"},{"taxonomy":"post_tag","embeddable":true,"href":"https:\/\/slovenci.rs\/sl\/wp-json\/wp\/v2\/tags?post=4510"}],"curies":[{"name":"wp","href":"https:\/\/api.w.org\/{rel}","templated":true}]}}