{"id":4536,"date":"2021-07-19T13:39:52","date_gmt":"2021-07-19T11:39:52","guid":{"rendered":"https:\/\/slovenci.rs\/?p=4536"},"modified":"2021-07-19T13:48:13","modified_gmt":"2021-07-19T11:48:13","slug":"animacija-i-audio-snimak-u-cilju-suzbijanja-covid-a-19","status":"publish","type":"post","link":"https:\/\/slovenci.rs\/sl\/animacija-i-audio-snimak-u-cilju-suzbijanja-covid-a-19\/","title":{"rendered":"Animacija i audio snimak \u010diji je cilj suzbijanje Covid-a 19 na slovena\u010dkom jeziku"},"content":{"rendered":"<p>&nbsp;<\/p>\n<p>U saradnji Ministarstva za ljudska i manjinska prava i dru\u0161tveni dijalog i Nema\u010dke organizacije za me\u0111unarodnu saradnju (GIZ) pripremljene su animacije i d\u017einglovi na jezicima nacionalnih manjina \u010diji je cilj suzbijanje daljeg \u0161irenja COVID-a 19.<\/p>\n<p>&nbsp;<\/p>\n<audio class=\"wp-audio-shortcode\" id=\"audio-4536-1\" preload=\"none\" style=\"width: 100%;\" controls=\"controls\"><source type=\"audio\/wav\" src=\"https:\/\/slovenci.rs\/wp-content\/uploads\/2021\/07\/Slovenacki-17LUFS.wav?_=1\" \/><a href=\"https:\/\/slovenci.rs\/wp-content\/uploads\/2021\/07\/Slovenacki-17LUFS.wav\">https:\/\/slovenci.rs\/wp-content\/uploads\/2021\/07\/Slovenacki-17LUFS.wav<\/a><\/audio>\n<p>&nbsp;<\/p>\n<p><a href=\"https:\/\/slovenci.rs\/wp-content\/uploads\/2021\/07\/Slovenacki.mov\">Slovenacki<\/a><\/p>","protected":false},"excerpt":{"rendered":"<p>&nbsp; U saradnji Ministarstva za ljudska i manjinska prava i dru\u0161tveni dijalog i Nema\u010dke organizacije za me\u0111unarodnu saradnju (GIZ) pripremljene su animacije i d\u017einglovi na jezicima nacionalnih manjina \u010diji je cilj suzbijanje daljeg \u0161irenja COVID-a 19. &nbsp; &nbsp; Slovenacki<\/p>","protected":false},"author":1,"featured_media":0,"comment_status":"closed","ping_status":"closed","sticky":false,"template":"","format":"standard","meta":{"footnotes":""},"categories":[1],"tags":[],"class_list":["post-4536","post","type-post","status-publish","format-standard","hentry","category-uncategorized"],"_links":{"self":[{"href":"https:\/\/slovenci.rs\/sl\/wp-json\/wp\/v2\/posts\/4536","targetHints":{"allow":["GET"]}}],"collection":[{"href":"https:\/\/slovenci.rs\/sl\/wp-json\/wp\/v2\/posts"}],"about":[{"href":"https:\/\/slovenci.rs\/sl\/wp-json\/wp\/v2\/types\/post"}],"author":[{"embeddable":true,"href":"https:\/\/slovenci.rs\/sl\/wp-json\/wp\/v2\/users\/1"}],"replies":[{"embeddable":true,"href":"https:\/\/slovenci.rs\/sl\/wp-json\/wp\/v2\/comments?post=4536"}],"version-history":[{"count":9,"href":"https:\/\/slovenci.rs\/sl\/wp-json\/wp\/v2\/posts\/4536\/revisions"}],"predecessor-version":[{"id":4548,"href":"https:\/\/slovenci.rs\/sl\/wp-json\/wp\/v2\/posts\/4536\/revisions\/4548"}],"wp:attachment":[{"href":"https:\/\/slovenci.rs\/sl\/wp-json\/wp\/v2\/media?parent=4536"}],"wp:term":[{"taxonomy":"category","embeddable":true,"href":"https:\/\/slovenci.rs\/sl\/wp-json\/wp\/v2\/categories?post=4536"},{"taxonomy":"post_tag","embeddable":true,"href":"https:\/\/slovenci.rs\/sl\/wp-json\/wp\/v2\/tags?post=4536"}],"curies":[{"name":"wp","href":"https:\/\/api.w.org\/{rel}","templated":true}]}}