{"id":4550,"date":"2021-09-02T12:37:08","date_gmt":"2021-09-02T10:37:08","guid":{"rendered":"https:\/\/slovenci.rs\/?p=4550"},"modified":"2021-09-02T12:41:02","modified_gmt":"2021-09-02T10:41:02","slug":"obisk-predsednika-drzavnega-zbora-republike-slovenije-igora-zorcica","status":"publish","type":"post","link":"https:\/\/slovenci.rs\/sl\/obisk-predsednika-drzavnega-zbora-republike-slovenije-igora-zorcica\/","title":{"rendered":"Obisk Predsednika Dr\u017eavnega zbora Republike Slovenije Igora Zor\u010di\u010da"},"content":{"rendered":"<p>&nbsp;<\/p>\n<p style=\"text-align: justify;\">V petek, 27.8.2021, je predsednik Dr\u017eavnega zbora Republike Slovenije Igor Zor\u010di\u010d z delegacijo bil na obisku v Srbiji. Ob tej priliki se je predsednik Dr\u017eavnega zbora sre\u010dal v rezidenciji Veleposlanika Republike Slovenije gospoda Damjana Berganta s predstavniki slovenske skupnosti v Srbiji: predsednikom Nacionalnega sveta slovenske narodne manj\u0161ine Sa\u0161om Verbi\u010dem, zamestnico predsednika Nacionalnega sveta Majo \u0110ukanovi\u0107 ter beograjskim nad\u0161kofom Stanislavom Ho\u010devarjem. Pogovarjali so se o polo\u017eaju slovenske manj\u0161ine v Srbiji in popisu prebivalstva, ki bo potekal naslednje leto. Predsednik Nacionalnega sveta Sa\u0161a Verbi\u010d se je zahvalil za podporo Vlade Republike Slovenije slovenskim dru\u0161tvom v Srbiji.<\/p>\n<p style=\"text-align: justify;\">\n<p style=\"text-align: justify;\"><a href=\"https:\/\/slovenci.rs\/wp-content\/uploads\/2021\/09\/OBISK-ZOR\u010cI\u010cA.jpg\"><img loading=\"lazy\" decoding=\"async\" class=\"aligncenter size-medium wp-image-4553\" src=\"https:\/\/slovenci.rs\/wp-content\/uploads\/2021\/09\/OBISK-ZOR\u010cI\u010cA-300x235.jpg\" alt=\"OBISK ZOR\u010cI\u010cA\" width=\"300\" height=\"235\" srcset=\"https:\/\/slovenci.rs\/wp-content\/uploads\/2021\/09\/OBISK-ZOR\u010cI\u010cA-300x235.jpg 300w, https:\/\/slovenci.rs\/wp-content\/uploads\/2021\/09\/OBISK-ZOR\u010cI\u010cA.jpg 960w\" sizes=\"auto, (max-width: 300px) 100vw, 300px\" \/><\/a><\/p>","protected":false},"excerpt":{"rendered":"<p>&nbsp; V petek, 27.8.2021, je predsednik Dr\u017eavnega zbora Republike Slovenije Igor Zor\u010di\u010d z delegacijo bil na obisku v Srbiji. Ob tej priliki se je predsednik Dr\u017eavnega zbora sre\u010dal v rezidenciji Veleposlanika Republike Slovenije gospoda Damjana Berganta s predstavniki slovenske skupnosti v Srbiji: predsednikom Nacionalnega sveta slovenske narodne manj\u0161ine Sa\u0161om Verbi\u010dem, zamestnico predsednika Nacionalnega sveta Majo [&hellip;]<\/p>\n","protected":false},"author":1,"featured_media":0,"comment_status":"closed","ping_status":"closed","sticky":false,"template":"","format":"standard","meta":{"footnotes":""},"categories":[1],"tags":[],"class_list":["post-4550","post","type-post","status-publish","format-standard","hentry","category-uncategorized"],"_links":{"self":[{"href":"https:\/\/slovenci.rs\/sl\/wp-json\/wp\/v2\/posts\/4550","targetHints":{"allow":["GET"]}}],"collection":[{"href":"https:\/\/slovenci.rs\/sl\/wp-json\/wp\/v2\/posts"}],"about":[{"href":"https:\/\/slovenci.rs\/sl\/wp-json\/wp\/v2\/types\/post"}],"author":[{"embeddable":true,"href":"https:\/\/slovenci.rs\/sl\/wp-json\/wp\/v2\/users\/1"}],"replies":[{"embeddable":true,"href":"https:\/\/slovenci.rs\/sl\/wp-json\/wp\/v2\/comments?post=4550"}],"version-history":[{"count":3,"href":"https:\/\/slovenci.rs\/sl\/wp-json\/wp\/v2\/posts\/4550\/revisions"}],"predecessor-version":[{"id":4554,"href":"https:\/\/slovenci.rs\/sl\/wp-json\/wp\/v2\/posts\/4550\/revisions\/4554"}],"wp:attachment":[{"href":"https:\/\/slovenci.rs\/sl\/wp-json\/wp\/v2\/media?parent=4550"}],"wp:term":[{"taxonomy":"category","embeddable":true,"href":"https:\/\/slovenci.rs\/sl\/wp-json\/wp\/v2\/categories?post=4550"},{"taxonomy":"post_tag","embeddable":true,"href":"https:\/\/slovenci.rs\/sl\/wp-json\/wp\/v2\/tags?post=4550"}],"curies":[{"name":"wp","href":"https:\/\/api.w.org\/{rel}","templated":true}]}}