{"id":4556,"date":"2021-09-14T12:50:04","date_gmt":"2021-09-14T10:50:04","guid":{"rendered":"https:\/\/slovenci.rs\/?p=4556"},"modified":"2021-09-14T13:30:56","modified_gmt":"2021-09-14T11:30:56","slug":"informacija-o-predstavljanju-ex-post-analize-o-realizaciji-akcionog-plana-za-ostvarivanje-prava-nacionalnih-manjina","status":"publish","type":"post","link":"https:\/\/slovenci.rs\/sl\/informacija-o-predstavljanju-ex-post-analize-o-realizaciji-akcionog-plana-za-ostvarivanje-prava-nacionalnih-manjina\/","title":{"rendered":"Informacija o  Predstavljanju  ,,Ex-post analize o realizaciji Akcionog plana za ostvarivanje prava nacionalnih manjina\u201c"},"content":{"rendered":"<p style=\"text-align: justify;\">Na poziv Ministarstva za ljudska i manjinska prava i dru\u0161tveni dijalog, predsednik Nacionalnog saveta slovena\u010dke nacionalne manjine Sa\u0161a Verbi\u010d prisustvovao je Predstavljanju ,, Ex post\u00a0 analize o realizaciji Akcionog plana za ostvarivanje prava nacionalnih manjina&#8220;. Promocija je organizovana u Palati Srbija 8. septembra 2021. godine. Ovaj projekat je finansiran od strane Evropske unije i Saveta Evrope i realizovan od strane Saveta Evrope. Analizom je obuhva\u0107en period od 2016. do 2020. godine.<\/p>\n<p style=\"text-align: justify;\">Uvodno izlaganje je zapo\u010dela gospo\u0111a Ivana Anti\u0107, pomo\u0107nica Ministra za ljudska i manjinska prava i dru\u0161tveni dijalog. Prisutnima se zatim obratio i gospodin Tomas Flesenkemper, \u0161ef Kancelarije Saveta Evrope u Beogradu. Ispred Koordinacije nacionalnih saveta nacionalnih manjina govorio je Dalibor Naki\u0107 zamenik predsednika Koordinacije .<\/p>\n<p style=\"text-align: justify;\">O Analizi je govorio jedan od njenih autora g.Aleksandar Vuji\u0107, koji je rekao da je osnovni cilj ex-post Analize da obezbedi procenu u\u010dinka Akcionog plana, odnosno da oceni njegovu relevantnost, efektivnost, efikasnost i odr\u017eivost ,kako bi nadle\u017eni predlaga\u010di javnih politika bili u poziciji da donose kvalifikovane odluke o budu\u0107im koracima u planiranju javnih politika u oblasti prava nacionalnih manjina.<\/p>\n<p style=\"text-align: justify;\">U prilogu je link za pregled ,,Ex-post analize o realizaciji Akcionog plana za ostvarivanje prava nacionalnih manjina&#8220;<\/p>\n<p style=\"text-align: justify;\">Sa\u0161a Verbi\u010d, predsednik N.S.<\/p>\n<p style=\"text-align: justify;\"><a href=\"https:\/\/slovenci.rs\/wp-content\/uploads\/2021\/09\/Ex-post-Analiza-o-realizaciji-AP-za-nacionalne-manjine.pdf\">Ex-post Analiza o realizaciji AP za nacionalne manjine<\/a><\/p>","protected":false},"excerpt":{"rendered":"<p>Na poziv Ministarstva za ljudska i manjinska prava i dru\u0161tveni dijalog, predsednik Nacionalnog saveta slovena\u010dke nacionalne manjine Sa\u0161a Verbi\u010d prisustvovao je Predstavljanju ,, Ex post\u00a0 analize o realizaciji Akcionog plana za ostvarivanje prava nacionalnih manjina&#8220;. Promocija je organizovana u Palati Srbija 8. septembra 2021. godine. Ovaj projekat je finansiran od strane Evropske unije i Saveta [&hellip;]<\/p>\n","protected":false},"author":1,"featured_media":0,"comment_status":"closed","ping_status":"closed","sticky":false,"template":"","format":"standard","meta":{"footnotes":""},"categories":[1],"tags":[],"class_list":["post-4556","post","type-post","status-publish","format-standard","hentry","category-uncategorized"],"_links":{"self":[{"href":"https:\/\/slovenci.rs\/sl\/wp-json\/wp\/v2\/posts\/4556","targetHints":{"allow":["GET"]}}],"collection":[{"href":"https:\/\/slovenci.rs\/sl\/wp-json\/wp\/v2\/posts"}],"about":[{"href":"https:\/\/slovenci.rs\/sl\/wp-json\/wp\/v2\/types\/post"}],"author":[{"embeddable":true,"href":"https:\/\/slovenci.rs\/sl\/wp-json\/wp\/v2\/users\/1"}],"replies":[{"embeddable":true,"href":"https:\/\/slovenci.rs\/sl\/wp-json\/wp\/v2\/comments?post=4556"}],"version-history":[{"count":9,"href":"https:\/\/slovenci.rs\/sl\/wp-json\/wp\/v2\/posts\/4556\/revisions"}],"predecessor-version":[{"id":4568,"href":"https:\/\/slovenci.rs\/sl\/wp-json\/wp\/v2\/posts\/4556\/revisions\/4568"}],"wp:attachment":[{"href":"https:\/\/slovenci.rs\/sl\/wp-json\/wp\/v2\/media?parent=4556"}],"wp:term":[{"taxonomy":"category","embeddable":true,"href":"https:\/\/slovenci.rs\/sl\/wp-json\/wp\/v2\/categories?post=4556"},{"taxonomy":"post_tag","embeddable":true,"href":"https:\/\/slovenci.rs\/sl\/wp-json\/wp\/v2\/tags?post=4556"}],"curies":[{"name":"wp","href":"https:\/\/api.w.org\/{rel}","templated":true}]}}