{"id":4570,"date":"2021-10-11T19:42:21","date_gmt":"2021-10-11T17:42:21","guid":{"rendered":"https:\/\/slovenci.rs\/?p=4570"},"modified":"2021-10-11T19:42:21","modified_gmt":"2021-10-11T17:42:21","slug":"izjava-sase-verbica-za-podkast-reaguj-nezavisnog-drustva-novinara-vojvodine","status":"publish","type":"post","link":"https:\/\/slovenci.rs\/sl\/izjava-sase-verbica-za-podkast-reaguj-nezavisnog-drustva-novinara-vojvodine\/","title":{"rendered":"Izjava Sa\u0161e Verbi\u010da za podkast Reaguj Nezavisnog dru\u0161tva novinara Vojvodine"},"content":{"rendered":"<p>&nbsp;<\/p>\n<p style=\"text-align: justify;\">U okviru serijala podkasta Reaguj Nezavisnog dru\u0161tva novinara Vojvodine o nacionalnim manjinama, na linku u prilogu mo\u017eete \u010duti izjavu predsednika Nacionalnog saveta slovena\u010dke nacionalne manjine, gospodina Sa\u0161e Verbi\u010da. Tema za ovu epizodu su primeri dobre prakse rada nacionalnih saveta.<\/p>\n<p style=\"text-align: justify;\">\n<div class=\"gmail_default\"><a href=\"https:\/\/www.autonomija.info\/reaguj-kako-negujemo-multikulturalnost.html\" target=\"_blank\" data-saferedirecturl=\"https:\/\/www.google.com\/url?q=https:\/\/www.autonomija.info\/reaguj-kako-negujemo-multikulturalnost.html&amp;source=gmail&amp;ust=1634060384004000&amp;usg=AFQjCNENdnQ38bGGcUIjiNcFWIZjMcZ89Q\">https:\/\/www.autonomija.info\/<wbr \/>reaguj-kako-negujemo-<wbr \/>multikulturalnost.html<\/a><span style=\"color: #888888;\"><br \/>\n<\/span><\/div>\n<div class=\"gmail_default\"><\/div>\n<p style=\"text-align: justify;\">","protected":false},"excerpt":{"rendered":"<p>&nbsp; U okviru serijala podkasta Reaguj Nezavisnog dru\u0161tva novinara Vojvodine o nacionalnim manjinama, na linku u prilogu mo\u017eete \u010duti izjavu predsednika Nacionalnog saveta slovena\u010dke nacionalne manjine, gospodina Sa\u0161e Verbi\u010da. Tema za ovu epizodu su primeri dobre prakse rada nacionalnih saveta. https:\/\/www.autonomija.info\/reaguj-kako-negujemo-multikulturalnost.html<\/p>","protected":false},"author":1,"featured_media":0,"comment_status":"closed","ping_status":"closed","sticky":false,"template":"","format":"standard","meta":{"footnotes":""},"categories":[1],"tags":[],"class_list":["post-4570","post","type-post","status-publish","format-standard","hentry","category-uncategorized"],"_links":{"self":[{"href":"https:\/\/slovenci.rs\/sl\/wp-json\/wp\/v2\/posts\/4570","targetHints":{"allow":["GET"]}}],"collection":[{"href":"https:\/\/slovenci.rs\/sl\/wp-json\/wp\/v2\/posts"}],"about":[{"href":"https:\/\/slovenci.rs\/sl\/wp-json\/wp\/v2\/types\/post"}],"author":[{"embeddable":true,"href":"https:\/\/slovenci.rs\/sl\/wp-json\/wp\/v2\/users\/1"}],"replies":[{"embeddable":true,"href":"https:\/\/slovenci.rs\/sl\/wp-json\/wp\/v2\/comments?post=4570"}],"version-history":[{"count":1,"href":"https:\/\/slovenci.rs\/sl\/wp-json\/wp\/v2\/posts\/4570\/revisions"}],"predecessor-version":[{"id":4571,"href":"https:\/\/slovenci.rs\/sl\/wp-json\/wp\/v2\/posts\/4570\/revisions\/4571"}],"wp:attachment":[{"href":"https:\/\/slovenci.rs\/sl\/wp-json\/wp\/v2\/media?parent=4570"}],"wp:term":[{"taxonomy":"category","embeddable":true,"href":"https:\/\/slovenci.rs\/sl\/wp-json\/wp\/v2\/categories?post=4570"},{"taxonomy":"post_tag","embeddable":true,"href":"https:\/\/slovenci.rs\/sl\/wp-json\/wp\/v2\/tags?post=4570"}],"curies":[{"name":"wp","href":"https:\/\/api.w.org\/{rel}","templated":true}]}}