{"id":4573,"date":"2021-11-05T13:34:35","date_gmt":"2021-11-05T12:34:35","guid":{"rendered":"https:\/\/slovenci.rs\/?p=4573"},"modified":"2021-11-05T13:39:02","modified_gmt":"2021-11-05T12:39:02","slug":"obisk-njegove-ekselence-gospoda-damjana-berganta-veleposlanika-republike-slovenije-v-srbiji-pozarevcu-4-11-2021","status":"publish","type":"post","link":"https:\/\/slovenci.rs\/sl\/obisk-njegove-ekselence-gospoda-damjana-berganta-veleposlanika-republike-slovenije-v-srbiji-pozarevcu-4-11-2021\/","title":{"rendered":"Obisk njegove ekselence gospoda Damjana Berganta veleposlanika Republike Slovenije v Srbiji Po\u017earevcu 4.11.2021"},"content":{"rendered":"<p>&nbsp;<\/p>\n<p style=\"text-align: justify;\">Njegova ekselenca gospod Damjan Bergant veleposlanik Republike Slovenije v Srbiji ter gospod \u00a0Primo\u017e Kri\u017eaj, konzul Republike Slovenije, sta v \u010detrtek, 4. novembra 2021 obiskala mesto Po\u017earevac in ob tej priliki jih je sprejel \u017eupan mesta Po\u017earevac, gospod Sa\u0161a Pavlovi\u0107 v skup\u0161\u010dini mesta. Sprejema so se udele\u017eili predstavniki lokalne oblasti kot tudi predstavniki slovenske skupnosti, ki \u017eivijo in delajo v Po\u017earevcu in Kostolcu ter Sa\u0161a Verbi\u010d, predsednik Nacionalnega sveta slovenske narodne manj\u0161ine v Srbiji. Goste je pozdravil gospod Sa\u0161a Pavlovi\u0107, \u017eupan mesta Po\u017earevca, ki je v svojem nagovoru omenil, da v Po\u017earevcu skladno \u017eivijo pripadniki 23 nacionalnosti in da so med njimi tudi Slovenci, ki ve\u010dinoma delajo v termoelektrarni Kostolac. Slovenci so v tem koncu Srbije navadno prihajali kot strokovnjaki v rudarstvu, zdaj pa so tu njihovi potomci, ki so aktivni v vseh panogah lokalne skupnosti. \u00a0Goste je pozdravil tudi Sa\u0161a Radi\u0107, v imenu slovenske skupnosti v Kostolcu.<\/p>\n<p style=\"text-align: justify;\">Njegova ekselenca gospod Damjan Bergant se je v svojem nagovoru zahvalil doma\u010dinom na prisr\u010dnem sprejemu ter omenil, da so odnosi med Sloveijo in Srbijo zelo dobri, tako politi\u010dni kot tudi ekonomski. V pogovoru s pripadniki slovenske skupnosti, se je veleposlanik pozanimal za njihov Status in za \u017eivljenje v tem koncu Srbije.<\/p>\n<p style=\"text-align: justify;\">Po sprejemu v mestni skup\u0161\u010dini se je veleposlanik napotil na obisk v Viminacijum, arheolo\u0161ko najdi\u0161\u010de iz \u010dasov Rimske imperije v Kostolcu.<\/p>\n<p style=\"text-align: justify;\"><a href=\"https:\/\/slovenci.rs\/wp-content\/uploads\/2021\/11\/8a2cffd6-8eeb-46f0-a947-f6ee124d577b-1.jpg\"><img loading=\"lazy\" decoding=\"async\" class=\"aligncenter size-medium wp-image-4574\" src=\"https:\/\/slovenci.rs\/wp-content\/uploads\/2021\/11\/8a2cffd6-8eeb-46f0-a947-f6ee124d577b-1-300x225.jpg\" alt=\"8a2cffd6-8eeb-46f0-a947-f6ee124d577b (1)\" width=\"300\" height=\"225\" srcset=\"https:\/\/slovenci.rs\/wp-content\/uploads\/2021\/11\/8a2cffd6-8eeb-46f0-a947-f6ee124d577b-1-300x225.jpg 300w, https:\/\/slovenci.rs\/wp-content\/uploads\/2021\/11\/8a2cffd6-8eeb-46f0-a947-f6ee124d577b-1-1024x768.jpg 1024w, https:\/\/slovenci.rs\/wp-content\/uploads\/2021\/11\/8a2cffd6-8eeb-46f0-a947-f6ee124d577b-1.jpg 1600w\" sizes=\"auto, (max-width: 300px) 100vw, 300px\" \/><\/a><\/p>\n<p style=\"text-align: justify;\"><a href=\"https:\/\/slovenci.rs\/wp-content\/uploads\/2021\/11\/IMG_5604-1.jpg\"><img loading=\"lazy\" decoding=\"async\" class=\"aligncenter size-medium wp-image-4575\" src=\"https:\/\/slovenci.rs\/wp-content\/uploads\/2021\/11\/IMG_5604-1-300x200.jpg\" alt=\"IMG_5604 (1)\" width=\"300\" height=\"200\" srcset=\"https:\/\/slovenci.rs\/wp-content\/uploads\/2021\/11\/IMG_5604-1-300x200.jpg 300w, https:\/\/slovenci.rs\/wp-content\/uploads\/2021\/11\/IMG_5604-1-1024x682.jpg 1024w, https:\/\/slovenci.rs\/wp-content\/uploads\/2021\/11\/IMG_5604-1.jpg 1080w\" sizes=\"auto, (max-width: 300px) 100vw, 300px\" \/><\/a><\/p>\n<p style=\"text-align: justify;\"><a href=\"https:\/\/slovenci.rs\/wp-content\/uploads\/2021\/11\/ffb85b7b-7597-44ed-b870-e1d034b083fc-1.jpg\"><img loading=\"lazy\" decoding=\"async\" class=\"aligncenter size-medium wp-image-4576\" src=\"https:\/\/slovenci.rs\/wp-content\/uploads\/2021\/11\/ffb85b7b-7597-44ed-b870-e1d034b083fc-1-300x225.jpg\" alt=\"ffb85b7b-7597-44ed-b870-e1d034b083fc (1)\" width=\"300\" height=\"225\" srcset=\"https:\/\/slovenci.rs\/wp-content\/uploads\/2021\/11\/ffb85b7b-7597-44ed-b870-e1d034b083fc-1-300x225.jpg 300w, https:\/\/slovenci.rs\/wp-content\/uploads\/2021\/11\/ffb85b7b-7597-44ed-b870-e1d034b083fc-1-1024x768.jpg 1024w, https:\/\/slovenci.rs\/wp-content\/uploads\/2021\/11\/ffb85b7b-7597-44ed-b870-e1d034b083fc-1.jpg 1600w\" sizes=\"auto, (max-width: 300px) 100vw, 300px\" \/><\/a><\/p>\n<p style=\"text-align: justify;\"><a href=\"https:\/\/slovenci.rs\/wp-content\/uploads\/2021\/11\/467b7f42-e5e1-4bfe-a8ab-070c8d444d5b-1.jpg\"><img loading=\"lazy\" decoding=\"async\" class=\"aligncenter size-medium wp-image-4577\" src=\"https:\/\/slovenci.rs\/wp-content\/uploads\/2021\/11\/467b7f42-e5e1-4bfe-a8ab-070c8d444d5b-1-300x225.jpg\" alt=\"467b7f42-e5e1-4bfe-a8ab-070c8d444d5b (1)\" width=\"300\" height=\"225\" srcset=\"https:\/\/slovenci.rs\/wp-content\/uploads\/2021\/11\/467b7f42-e5e1-4bfe-a8ab-070c8d444d5b-1-300x225.jpg 300w, https:\/\/slovenci.rs\/wp-content\/uploads\/2021\/11\/467b7f42-e5e1-4bfe-a8ab-070c8d444d5b-1-1024x768.jpg 1024w, https:\/\/slovenci.rs\/wp-content\/uploads\/2021\/11\/467b7f42-e5e1-4bfe-a8ab-070c8d444d5b-1.jpg 1600w\" sizes=\"auto, (max-width: 300px) 100vw, 300px\" \/><\/a><\/p>\n<p style=\"text-align: justify;\"><a href=\"https:\/\/slovenci.rs\/wp-content\/uploads\/2021\/11\/IMG_5605-1.jpg\"><img loading=\"lazy\" decoding=\"async\" class=\"aligncenter size-medium wp-image-4578\" src=\"https:\/\/slovenci.rs\/wp-content\/uploads\/2021\/11\/IMG_5605-1-300x200.jpg\" alt=\"IMG_5605 (1)\" width=\"300\" height=\"200\" srcset=\"https:\/\/slovenci.rs\/wp-content\/uploads\/2021\/11\/IMG_5605-1-300x200.jpg 300w, https:\/\/slovenci.rs\/wp-content\/uploads\/2021\/11\/IMG_5605-1-1024x682.jpg 1024w, https:\/\/slovenci.rs\/wp-content\/uploads\/2021\/11\/IMG_5605-1.jpg 1080w\" sizes=\"auto, (max-width: 300px) 100vw, 300px\" \/><\/a><\/p>\n<p style=\"text-align: justify;\"><a href=\"https:\/\/slovenci.rs\/wp-content\/uploads\/2021\/11\/IMG_5607-1.jpg\"><img loading=\"lazy\" decoding=\"async\" class=\"aligncenter size-medium wp-image-4579\" src=\"https:\/\/slovenci.rs\/wp-content\/uploads\/2021\/11\/IMG_5607-1-300x200.jpg\" alt=\"IMG_5607 (1)\" width=\"300\" height=\"200\" srcset=\"https:\/\/slovenci.rs\/wp-content\/uploads\/2021\/11\/IMG_5607-1-300x200.jpg 300w, https:\/\/slovenci.rs\/wp-content\/uploads\/2021\/11\/IMG_5607-1-1024x682.jpg 1024w, https:\/\/slovenci.rs\/wp-content\/uploads\/2021\/11\/IMG_5607-1.jpg 1080w\" sizes=\"auto, (max-width: 300px) 100vw, 300px\" \/><\/a><\/p>\n<p style=\"text-align: justify;\"><a href=\"https:\/\/slovenci.rs\/wp-content\/uploads\/2021\/11\/IMG_5608-1.jpg\"><img loading=\"lazy\" decoding=\"async\" class=\"aligncenter size-medium wp-image-4580\" src=\"https:\/\/slovenci.rs\/wp-content\/uploads\/2021\/11\/IMG_5608-1-300x200.jpg\" alt=\"IMG_5608 (1)\" width=\"300\" height=\"200\" srcset=\"https:\/\/slovenci.rs\/wp-content\/uploads\/2021\/11\/IMG_5608-1-300x200.jpg 300w, https:\/\/slovenci.rs\/wp-content\/uploads\/2021\/11\/IMG_5608-1-1024x682.jpg 1024w, https:\/\/slovenci.rs\/wp-content\/uploads\/2021\/11\/IMG_5608-1.jpg 1080w\" sizes=\"auto, (max-width: 300px) 100vw, 300px\" \/><\/a><\/p>\n<p style=\"text-align: justify;\"><a href=\"https:\/\/slovenci.rs\/wp-content\/uploads\/2021\/11\/IMG_5602-1.jpg\"><img loading=\"lazy\" decoding=\"async\" class=\"aligncenter size-medium wp-image-4581\" src=\"https:\/\/slovenci.rs\/wp-content\/uploads\/2021\/11\/IMG_5602-1-300x225.jpg\" alt=\"IMG_5602 (1)\" width=\"300\" height=\"225\" srcset=\"https:\/\/slovenci.rs\/wp-content\/uploads\/2021\/11\/IMG_5602-1-300x225.jpg 300w, https:\/\/slovenci.rs\/wp-content\/uploads\/2021\/11\/IMG_5602-1-1024x768.jpg 1024w\" sizes=\"auto, (max-width: 300px) 100vw, 300px\" \/><\/a><\/p>","protected":false},"excerpt":{"rendered":"<p>&nbsp; Njegova ekselenca gospod Damjan Bergant veleposlanik Republike Slovenije v Srbiji ter gospod \u00a0Primo\u017e Kri\u017eaj, konzul Republike Slovenije, sta v \u010detrtek, 4. novembra 2021 obiskala mesto Po\u017earevac in ob tej priliki jih je sprejel \u017eupan mesta Po\u017earevac, gospod Sa\u0161a Pavlovi\u0107 v skup\u0161\u010dini mesta. Sprejema so se udele\u017eili predstavniki lokalne oblasti kot tudi predstavniki slovenske skupnosti, [&hellip;]<\/p>\n","protected":false},"author":1,"featured_media":0,"comment_status":"closed","ping_status":"closed","sticky":false,"template":"","format":"standard","meta":{"footnotes":""},"categories":[1],"tags":[],"class_list":["post-4573","post","type-post","status-publish","format-standard","hentry","category-uncategorized"],"_links":{"self":[{"href":"https:\/\/slovenci.rs\/sl\/wp-json\/wp\/v2\/posts\/4573","targetHints":{"allow":["GET"]}}],"collection":[{"href":"https:\/\/slovenci.rs\/sl\/wp-json\/wp\/v2\/posts"}],"about":[{"href":"https:\/\/slovenci.rs\/sl\/wp-json\/wp\/v2\/types\/post"}],"author":[{"embeddable":true,"href":"https:\/\/slovenci.rs\/sl\/wp-json\/wp\/v2\/users\/1"}],"replies":[{"embeddable":true,"href":"https:\/\/slovenci.rs\/sl\/wp-json\/wp\/v2\/comments?post=4573"}],"version-history":[{"count":3,"href":"https:\/\/slovenci.rs\/sl\/wp-json\/wp\/v2\/posts\/4573\/revisions"}],"predecessor-version":[{"id":4584,"href":"https:\/\/slovenci.rs\/sl\/wp-json\/wp\/v2\/posts\/4573\/revisions\/4584"}],"wp:attachment":[{"href":"https:\/\/slovenci.rs\/sl\/wp-json\/wp\/v2\/media?parent=4573"}],"wp:term":[{"taxonomy":"category","embeddable":true,"href":"https:\/\/slovenci.rs\/sl\/wp-json\/wp\/v2\/categories?post=4573"},{"taxonomy":"post_tag","embeddable":true,"href":"https:\/\/slovenci.rs\/sl\/wp-json\/wp\/v2\/tags?post=4573"}],"curies":[{"name":"wp","href":"https:\/\/api.w.org\/{rel}","templated":true}]}}