{"id":4586,"date":"2021-12-13T14:03:26","date_gmt":"2021-12-13T13:03:26","guid":{"rendered":"https:\/\/slovenci.rs\/?p=4586"},"modified":"2021-12-13T14:05:23","modified_gmt":"2021-12-13T13:05:23","slug":"informacija-o-obelezavanju-medunarodnog-dana-ljudskih-prava","status":"publish","type":"post","link":"https:\/\/slovenci.rs\/sl\/informacija-o-obelezavanju-medunarodnog-dana-ljudskih-prava\/","title":{"rendered":"Informacija o obele\u017eavanju Me\u0111unarodnog dana ljudskih prava"},"content":{"rendered":"<p>&nbsp;<\/p>\n<p style=\"text-align: justify;\">Povodom obele\u017eavanja Me\u0111unarodnog dana ljudskih prava Ministarstvo za ljudska i manjinska prava i dru\u0161tveni dijalog je organizovalo \u201eForum ljudskih prava \u2013 Srbija u 2021. godini\u201c.<\/p>\n<p style=\"text-align: justify;\">Forum je organizovan u partnerstvu sa UN u Srbiji, OEBS \u2013 om u Srbiji, Kancelarijom Saveta Evrope u Beogradu i Nacionalnim konventom za EU.<\/p>\n<p style=\"text-align: justify;\">U uvodnom delu prisutnima se obratila g\u0111a Gordana \u010comi\u0107, ministarka za ljudska i manjinska prava i dru\u0161tveni dijalog, a zatim g\u0111a Elvira Kova\u010d, podpredsednica Narodne skup\u0161tine Republike Srbije, Fransoaz \u017dakob, koordinatorka UN u Srbiji, Sara Gruen, zamenica \u0161efa Misije OEBS-a u Srbiji, Tobias Flesenkemper, \u0161ef Misije Kancelarije SE u Beogradu, Nata\u0161a Dragojlovi\u0107, koordinatorka Nacionalnog konventa o EU i Brankica Jovanovi\u0107, poverenica za za\u0161titu ravnopravnosti.<\/p>\n<p style=\"text-align: justify;\">Na Forumu se diskutovalo o ljudskim pravima, siroma\u0161tvu i ciljevima odr\u017eivog razvoja i dru\u0161tvenom dijalogu u na\u0161oj zemlji.<\/p>\n<p style=\"text-align: justify;\">Najavljen je i po\u010detak izrade Strategije o ljudskim pravima u Srbiji.<\/p>\n<p style=\"text-align: justify;\">Forumu je ispred Nacionalnog saveta slovena\u010dke nacionalne manjine prisustvovao Sa\u0161a Verbi\u010d, predsednik Nacionalnog saveta slovena\u010dke nacionalne manjine.<\/p>\n<p style=\"text-align: justify;\">\n<p style=\"text-align: justify;\">Sa\u0161a Verbi\u010d, predsednik NS<\/p>\n<p style=\"text-align: justify;\">\n<p style=\"text-align: justify;\"><a href=\"https:\/\/slovenci.rs\/wp-content\/uploads\/2021\/12\/73-1.jpg\"><img loading=\"lazy\" decoding=\"async\" class=\"aligncenter size-medium wp-image-4587\" src=\"https:\/\/slovenci.rs\/wp-content\/uploads\/2021\/12\/73-1-300x169.jpg\" alt=\"73-1\" width=\"300\" height=\"169\" srcset=\"https:\/\/slovenci.rs\/wp-content\/uploads\/2021\/12\/73-1-300x169.jpg 300w, https:\/\/slovenci.rs\/wp-content\/uploads\/2021\/12\/73-1.jpg 624w\" sizes=\"auto, (max-width: 300px) 100vw, 300px\" \/><\/a><\/p>\n<div>Fotografija preuzeta sa sajta\u00a0<a href=\"https:\/\/www.minljmpdd.gov.rs\/aktuelnosti-vesti.php#a73\" target=\"_blank\" data-saferedirecturl=\"https:\/\/www.google.com\/url?q=https:\/\/www.minljmpdd.gov.rs\/aktuelnosti-vesti.php%23a73&amp;source=gmail&amp;ust=1639486765007000&amp;usg=AOvVaw2DFC3KF0JTDgHEVy67CJsh\">https:\/\/www.minljmpdd.<wbr \/>gov.rs\/aktuelnosti-vesti.php#<wbr \/>a73<\/a><\/div>","protected":false},"excerpt":{"rendered":"<p>&nbsp; Povodom obele\u017eavanja Me\u0111unarodnog dana ljudskih prava Ministarstvo za ljudska i manjinska prava i dru\u0161tveni dijalog je organizovalo \u201eForum ljudskih prava \u2013 Srbija u 2021. godini\u201c. Forum je organizovan u partnerstvu sa UN u Srbiji, OEBS \u2013 om u Srbiji, Kancelarijom Saveta Evrope u Beogradu i Nacionalnim konventom za EU. U uvodnom delu prisutnima se [&hellip;]<\/p>\n","protected":false},"author":1,"featured_media":0,"comment_status":"closed","ping_status":"closed","sticky":false,"template":"","format":"standard","meta":{"footnotes":""},"categories":[1],"tags":[],"class_list":["post-4586","post","type-post","status-publish","format-standard","hentry","category-uncategorized"],"_links":{"self":[{"href":"https:\/\/slovenci.rs\/sl\/wp-json\/wp\/v2\/posts\/4586","targetHints":{"allow":["GET"]}}],"collection":[{"href":"https:\/\/slovenci.rs\/sl\/wp-json\/wp\/v2\/posts"}],"about":[{"href":"https:\/\/slovenci.rs\/sl\/wp-json\/wp\/v2\/types\/post"}],"author":[{"embeddable":true,"href":"https:\/\/slovenci.rs\/sl\/wp-json\/wp\/v2\/users\/1"}],"replies":[{"embeddable":true,"href":"https:\/\/slovenci.rs\/sl\/wp-json\/wp\/v2\/comments?post=4586"}],"version-history":[{"count":3,"href":"https:\/\/slovenci.rs\/sl\/wp-json\/wp\/v2\/posts\/4586\/revisions"}],"predecessor-version":[{"id":4590,"href":"https:\/\/slovenci.rs\/sl\/wp-json\/wp\/v2\/posts\/4586\/revisions\/4590"}],"wp:attachment":[{"href":"https:\/\/slovenci.rs\/sl\/wp-json\/wp\/v2\/media?parent=4586"}],"wp:term":[{"taxonomy":"category","embeddable":true,"href":"https:\/\/slovenci.rs\/sl\/wp-json\/wp\/v2\/categories?post=4586"},{"taxonomy":"post_tag","embeddable":true,"href":"https:\/\/slovenci.rs\/sl\/wp-json\/wp\/v2\/tags?post=4586"}],"curies":[{"name":"wp","href":"https:\/\/api.w.org\/{rel}","templated":true}]}}