{"id":4591,"date":"2021-12-17T16:10:06","date_gmt":"2021-12-17T15:10:06","guid":{"rendered":"https:\/\/slovenci.rs\/?p=4591"},"modified":"2021-12-17T16:18:04","modified_gmt":"2021-12-17T15:18:04","slug":"medalja-sasi-verbicu-predstavniku-slovencev-v-srbiji","status":"publish","type":"post","link":"https:\/\/slovenci.rs\/sl\/medalja-sasi-verbicu-predstavniku-slovencev-v-srbiji\/","title":{"rendered":"MEDALJA SA\u0160I VERBI\u010cU, PREDSTAVNIKU SLOVENCEV V SRBIJI"},"content":{"rendered":"<p>&nbsp;<\/p>\n<p style=\"text-align: justify;\">V sredo, 15.12.2021, v Ljubljani, je Sa\u0161a Verbi\u010d, predsednik Nacionalnega sveta slovenske narodne manj\u0161ine in predsednik Dru\u0161tva Slovencev v Beogradu \u2013 Dru\u0161tva Sava, sprejel red za zasluge za dolgoletno uspe\u0161no delo za ohranjanje in uveljavljanje\u00a0slovenske\u00a0skupnosti v Srbiji. Predsednik Republike Slovenije Borut Pahor je medaljo za zasluge izro\u010dil Sa\u0161i Verbi\u010du, ki so ga v Uradu ozna\u010dili za najvidnej\u0161ega predstavnika Slovencev v Srbiji.<\/p>\n<p style=\"text-align: justify;\">Nekaj ve\u010d o tem si lahko preberete na naslednih povezavah:<\/p>\n<p><a href=\"https:\/\/www.gov.si\/novice\/2021-12-15-cestitka-ministrice-zdruzenju-sim-slovenskemu-dezelnemu-gospodarskemu-zdruzenju-in-sasu-verbicu-ob-prejemu-odlikovanj\/\">https:\/\/www.gov.si\/novice\/2021-12-15-cestitka-ministrice-zdruzenju-sim-slovenskemu-dezelnemu-gospodarskemu-zdruzenju-in-sasu-verbicu-ob-prejemu-odlikovanj\/<\/a><\/p>\n<p><a href=\"https:\/\/www.facebook.com\/pg\/uradslovenci\/posts\/?ref=page_internal\">https:\/\/www.facebook.com\/pg\/uradslovenci\/posts\/?ref=page_internal<\/a><\/p>\n<p><a href=\"https:\/\/www.rtvslo.si\/slovenija\/pahor-z-redom-za-zasluge-odlikoval-slovensko-izseljensko-matico\/605173\">https:\/\/www.rtvslo.si\/slovenija\/pahor-z-redom-za-zasluge-odlikoval-slovensko-izseljensko-matico\/605173<\/a><\/p>\n<p>&nbsp;<\/p>\n<p><a href=\"https:\/\/slovenci.rs\/wp-content\/uploads\/2021\/12\/Sa\u0161a-Verbi\u010d-najvidnej\u0161i-predstavnik-Slovencev-v-Srbiji-med-prejemanjem-nagrade.-Foto-STANeboj\u0161a-Teji\u0107.jpg\"><img loading=\"lazy\" decoding=\"async\" class=\"alignnone size-medium wp-image-4592\" src=\"https:\/\/slovenci.rs\/wp-content\/uploads\/2021\/12\/Sa\u0161a-Verbi\u010d-najvidnej\u0161i-predstavnik-Slovencev-v-Srbiji-med-prejemanjem-nagrade.-Foto-STANeboj\u0161a-Teji\u0107-300x200.jpg\" alt=\"Sa\u0161a Verbi\u010d, najvidnej\u0161i predstavnik Slovencev v Srbiji, med prejemanjem nagrade. Foto STANeboj\u0161a Teji\u0107\" width=\"300\" height=\"200\" srcset=\"https:\/\/slovenci.rs\/wp-content\/uploads\/2021\/12\/Sa\u0161a-Verbi\u010d-najvidnej\u0161i-predstavnik-Slovencev-v-Srbiji-med-prejemanjem-nagrade.-Foto-STANeboj\u0161a-Teji\u0107-300x200.jpg 300w, https:\/\/slovenci.rs\/wp-content\/uploads\/2021\/12\/Sa\u0161a-Verbi\u010d-najvidnej\u0161i-predstavnik-Slovencev-v-Srbiji-med-prejemanjem-nagrade.-Foto-STANeboj\u0161a-Teji\u0107.jpg 1024w\" sizes=\"auto, (max-width: 300px) 100vw, 300px\" \/><\/a><\/p>\n<p>&nbsp;<\/p>\n<p><a href=\"https:\/\/slovenci.rs\/wp-content\/uploads\/2021\/12\/Sourcehttpswww.facebook.comuradslovenci.jpg\"><img loading=\"lazy\" decoding=\"async\" class=\"alignnone size-medium wp-image-4593\" src=\"https:\/\/slovenci.rs\/wp-content\/uploads\/2021\/12\/Sourcehttpswww.facebook.comuradslovenci-300x199.jpg\" alt=\"Sourcehttpswww.facebook.comuradslovenci\" width=\"300\" height=\"199\" srcset=\"https:\/\/slovenci.rs\/wp-content\/uploads\/2021\/12\/Sourcehttpswww.facebook.comuradslovenci-300x199.jpg 300w, https:\/\/slovenci.rs\/wp-content\/uploads\/2021\/12\/Sourcehttpswww.facebook.comuradslovenci-1024x682.jpg 1024w, https:\/\/slovenci.rs\/wp-content\/uploads\/2021\/12\/Sourcehttpswww.facebook.comuradslovenci.jpg 2048w\" sizes=\"auto, (max-width: 300px) 100vw, 300px\" \/><\/a><\/p>\n<p>&nbsp;<\/p>\n<p>Source:\u00a0<a href=\"https:\/\/www.facebook.com\/uradslovenci\" data-saferedirecturl=\"https:\/\/www.google.com\/url?q=https:\/\/www.facebook.com\/uradslovenci&amp;source=gmail&amp;ust=1639839660986000&amp;usg=AOvVaw3lrv6G_2HG7ruKyXPcghto\">https:\/\/www.facebook.com\/uradslovenci<\/a><\/p>","protected":false},"excerpt":{"rendered":"<p>&nbsp; V sredo, 15.12.2021, v Ljubljani, je Sa\u0161a Verbi\u010d, predsednik Nacionalnega sveta slovenske narodne manj\u0161ine in predsednik Dru\u0161tva Slovencev v Beogradu \u2013 Dru\u0161tva Sava, sprejel red za zasluge za dolgoletno uspe\u0161no delo za ohranjanje in uveljavljanje\u00a0slovenske\u00a0skupnosti v Srbiji. Predsednik Republike Slovenije Borut Pahor je medaljo za zasluge izro\u010dil Sa\u0161i Verbi\u010du, ki so ga v Uradu [&hellip;]<\/p>\n","protected":false},"author":1,"featured_media":0,"comment_status":"closed","ping_status":"closed","sticky":false,"template":"","format":"standard","meta":{"footnotes":""},"categories":[1],"tags":[],"class_list":["post-4591","post","type-post","status-publish","format-standard","hentry","category-uncategorized"],"_links":{"self":[{"href":"https:\/\/slovenci.rs\/sl\/wp-json\/wp\/v2\/posts\/4591","targetHints":{"allow":["GET"]}}],"collection":[{"href":"https:\/\/slovenci.rs\/sl\/wp-json\/wp\/v2\/posts"}],"about":[{"href":"https:\/\/slovenci.rs\/sl\/wp-json\/wp\/v2\/types\/post"}],"author":[{"embeddable":true,"href":"https:\/\/slovenci.rs\/sl\/wp-json\/wp\/v2\/users\/1"}],"replies":[{"embeddable":true,"href":"https:\/\/slovenci.rs\/sl\/wp-json\/wp\/v2\/comments?post=4591"}],"version-history":[{"count":2,"href":"https:\/\/slovenci.rs\/sl\/wp-json\/wp\/v2\/posts\/4591\/revisions"}],"predecessor-version":[{"id":4595,"href":"https:\/\/slovenci.rs\/sl\/wp-json\/wp\/v2\/posts\/4591\/revisions\/4595"}],"wp:attachment":[{"href":"https:\/\/slovenci.rs\/sl\/wp-json\/wp\/v2\/media?parent=4591"}],"wp:term":[{"taxonomy":"category","embeddable":true,"href":"https:\/\/slovenci.rs\/sl\/wp-json\/wp\/v2\/categories?post=4591"},{"taxonomy":"post_tag","embeddable":true,"href":"https:\/\/slovenci.rs\/sl\/wp-json\/wp\/v2\/tags?post=4591"}],"curies":[{"name":"wp","href":"https:\/\/api.w.org\/{rel}","templated":true}]}}