{"id":4617,"date":"2021-12-24T11:34:36","date_gmt":"2021-12-24T10:34:36","guid":{"rendered":"https:\/\/slovenci.rs\/?p=4617"},"modified":"2021-12-24T11:34:42","modified_gmt":"2021-12-24T10:34:42","slug":"praznicno-voscilo-ministrice-za-slovence-v-zamejstvu-in-po-svetu-dr-helene-jaklitsch-in-sodelavcev-urada","status":"publish","type":"post","link":"https:\/\/slovenci.rs\/sl\/praznicno-voscilo-ministrice-za-slovence-v-zamejstvu-in-po-svetu-dr-helene-jaklitsch-in-sodelavcev-urada\/","title":{"rendered":"Prazni\u010dno vo\u0161\u010dilo ministrice za Slovence v zamejstvu in po svetu dr. Helene Jaklitsch in sodelavcev urada"},"content":{"rendered":"<p>&nbsp;<\/p>\n<div style=\"width: 720px;\" class=\"wp-video\"><video class=\"wp-video-shortcode\" id=\"video-4617-1\" width=\"720\" height=\"405\" preload=\"metadata\" controls=\"controls\"><source type=\"video\/mp4\" src=\"https:\/\/slovenci.rs\/wp-content\/uploads\/2021\/12\/Vo\u0161\u010dilo-ministrice-dr.-Helene-Jaklitsch-in-sodelavcev-USZS...mp4?_=1\" \/><a href=\"https:\/\/slovenci.rs\/wp-content\/uploads\/2021\/12\/Vo\u0161\u010dilo-ministrice-dr.-Helene-Jaklitsch-in-sodelavcev-USZS...mp4\">https:\/\/slovenci.rs\/wp-content\/uploads\/2021\/12\/Vo\u0161\u010dilo-ministrice-dr.-Helene-Jaklitsch-in-sodelavcev-USZS...mp4<\/a><\/video><\/div>","protected":false},"excerpt":{"rendered":"<p>&nbsp;<\/p>","protected":false},"author":1,"featured_media":0,"comment_status":"closed","ping_status":"closed","sticky":false,"template":"","format":"standard","meta":{"footnotes":""},"categories":[1],"tags":[],"class_list":["post-4617","post","type-post","status-publish","format-standard","hentry","category-uncategorized"],"_links":{"self":[{"href":"https:\/\/slovenci.rs\/sl\/wp-json\/wp\/v2\/posts\/4617","targetHints":{"allow":["GET"]}}],"collection":[{"href":"https:\/\/slovenci.rs\/sl\/wp-json\/wp\/v2\/posts"}],"about":[{"href":"https:\/\/slovenci.rs\/sl\/wp-json\/wp\/v2\/types\/post"}],"author":[{"embeddable":true,"href":"https:\/\/slovenci.rs\/sl\/wp-json\/wp\/v2\/users\/1"}],"replies":[{"embeddable":true,"href":"https:\/\/slovenci.rs\/sl\/wp-json\/wp\/v2\/comments?post=4617"}],"version-history":[{"count":1,"href":"https:\/\/slovenci.rs\/sl\/wp-json\/wp\/v2\/posts\/4617\/revisions"}],"predecessor-version":[{"id":4619,"href":"https:\/\/slovenci.rs\/sl\/wp-json\/wp\/v2\/posts\/4617\/revisions\/4619"}],"wp:attachment":[{"href":"https:\/\/slovenci.rs\/sl\/wp-json\/wp\/v2\/media?parent=4617"}],"wp:term":[{"taxonomy":"category","embeddable":true,"href":"https:\/\/slovenci.rs\/sl\/wp-json\/wp\/v2\/categories?post=4617"},{"taxonomy":"post_tag","embeddable":true,"href":"https:\/\/slovenci.rs\/sl\/wp-json\/wp\/v2\/tags?post=4617"}],"curies":[{"name":"wp","href":"https:\/\/api.w.org\/{rel}","templated":true}]}}