{"id":4798,"date":"2022-03-29T14:52:40","date_gmt":"2022-03-29T12:52:40","guid":{"rendered":"https:\/\/slovenci.rs\/?p=4798"},"modified":"2022-03-29T14:58:54","modified_gmt":"2022-03-29T12:58:54","slug":"potpisan-protokol-o-saradnji-izmedu-kulturnog-centra-vrsac-i-nacionalnog-saveta-slovenacke-nacionalne-manjine","status":"publish","type":"post","link":"https:\/\/slovenci.rs\/sl\/potpisan-protokol-o-saradnji-izmedu-kulturnog-centra-vrsac-i-nacionalnog-saveta-slovenacke-nacionalne-manjine\/","title":{"rendered":"Potpisan protokol o saradnji izme\u0111u Kulturnog centra Vr\u0161ac i Nacionalnog saveta slovena\u010dke nacionalne manjine"},"content":{"rendered":"<p style=\"margin: 0cm; margin-bottom: .0001pt; text-align: justify; line-height: 13.5pt;\"><span lang=\"SR\">U okviru manifestacije Dani slovena\u010dke kulture koju realizuju Udru\u017eenje Slovenaca \u201eKula\u201c Vr\u0161ac i Kulturni centar Vr\u0161ac, u ponedeljak 28.3.2022.<a name=\"_GoBack\"><\/a> je u galeriji Doma vojske otvorena izlo\u017eba \u201eNa\u0161 put u Banat\u201c.<\/span><\/p>\n<p style=\"margin: 0cm; margin-bottom: .0001pt; text-align: justify; line-height: 13.5pt;\"><span lang=\"SR\">Autor izlo\u017ebe je Vladimir Vu\u010dkovi\u0107, a predstavlja svojevrsni oma\u017e periodu naseljavanja Slovenaca u Banat posle Drugog svetskog rata. Autenti\u010dnim fotografijama i predmetima izlo\u017eba prikazuje kolonizaciju kroz prizmu jedne porodice.<\/span><\/p>\n<p style=\"margin: 0cm; margin-bottom: .0001pt; text-align: justify; line-height: 13.5pt;\"><span lang=\"SR\"><br \/>\nIzlo\u017ebu je otvorio direktor Kulturnog centra Vr\u0161ac Davor Stojkovi\u0107, a prisutne je pozdravio i \u010dlan Gradskog ve\u0107a za kulturu dr Trajan Ka\u010dina, kao i predstavnica Nacionalnog saveta slovena\u010dke nacionalne manjine Jadranka Bugarinov i Sne\u017eana Vidergar predstavnica udru\u017eenja Slovenaca \u201cKula\u201d. O izlo\u017ebi je govorio sam autor.<\/span><\/p>\n<p style=\"margin: 0cm; margin-bottom: .0001pt; text-align: justify; line-height: 13.5pt;\"><span lang=\"SR\"><br \/>\nOvogodi\u0161nji Dani slovena\u010dke kulture rezultat su dugogodi\u0161nje saradnje izme\u0111u Kulturnog centra i Udru\u017eenja Slovenaca \u201eKula\u201c, a ve\u010deras je ta saradnja unapre\u0111ena potpisivanjem protokola o saradnji izme\u0111u Kulturnog centra i Nacionalnog saveta slovena\u010dke nacionalne manjine.<\/span><\/p>\n<p><a href=\"https:\/\/www.kulcentar.com\/item\/1381-po%C4%8Deli-dani-slovena%C4%8Dke-kulture\">https:\/\/www.kulcentar.com\/item\/1381-po%C4%8Deli-dani-slovena%C4%8Dke-kulture<\/a><\/p>\n<p>&nbsp;<\/p>\n<p><a href=\"https:\/\/slovenci.rs\/wp-content\/uploads\/2022\/03\/potpisan-protokol-28.3.jpg\"><img loading=\"lazy\" decoding=\"async\" class=\"aligncenter size-medium wp-image-4799\" src=\"https:\/\/slovenci.rs\/wp-content\/uploads\/2022\/03\/potpisan-protokol-28.3-300x194.jpg\" alt=\"potpisan protokol 28.3\" width=\"300\" height=\"194\" srcset=\"https:\/\/slovenci.rs\/wp-content\/uploads\/2022\/03\/potpisan-protokol-28.3-300x194.jpg 300w, https:\/\/slovenci.rs\/wp-content\/uploads\/2022\/03\/potpisan-protokol-28.3.jpg 525w\" sizes=\"auto, (max-width: 300px) 100vw, 300px\" \/><\/a><\/p>","protected":false},"excerpt":{"rendered":"<p>U okviru manifestacije Dani slovena\u010dke kulture koju realizuju Udru\u017eenje Slovenaca \u201eKula\u201c Vr\u0161ac i Kulturni centar Vr\u0161ac, u ponedeljak 28.3.2022. je u galeriji Doma vojske otvorena izlo\u017eba \u201eNa\u0161 put u Banat\u201c. Autor izlo\u017ebe je Vladimir Vu\u010dkovi\u0107, a predstavlja svojevrsni oma\u017e periodu naseljavanja Slovenaca u Banat posle Drugog svetskog rata. Autenti\u010dnim fotografijama i predmetima izlo\u017eba prikazuje kolonizaciju [&hellip;]<\/p>\n","protected":false},"author":1,"featured_media":0,"comment_status":"closed","ping_status":"closed","sticky":false,"template":"","format":"standard","meta":{"footnotes":""},"categories":[1],"tags":[],"class_list":["post-4798","post","type-post","status-publish","format-standard","hentry","category-uncategorized"],"_links":{"self":[{"href":"https:\/\/slovenci.rs\/sl\/wp-json\/wp\/v2\/posts\/4798","targetHints":{"allow":["GET"]}}],"collection":[{"href":"https:\/\/slovenci.rs\/sl\/wp-json\/wp\/v2\/posts"}],"about":[{"href":"https:\/\/slovenci.rs\/sl\/wp-json\/wp\/v2\/types\/post"}],"author":[{"embeddable":true,"href":"https:\/\/slovenci.rs\/sl\/wp-json\/wp\/v2\/users\/1"}],"replies":[{"embeddable":true,"href":"https:\/\/slovenci.rs\/sl\/wp-json\/wp\/v2\/comments?post=4798"}],"version-history":[{"count":7,"href":"https:\/\/slovenci.rs\/sl\/wp-json\/wp\/v2\/posts\/4798\/revisions"}],"predecessor-version":[{"id":4806,"href":"https:\/\/slovenci.rs\/sl\/wp-json\/wp\/v2\/posts\/4798\/revisions\/4806"}],"wp:attachment":[{"href":"https:\/\/slovenci.rs\/sl\/wp-json\/wp\/v2\/media?parent=4798"}],"wp:term":[{"taxonomy":"category","embeddable":true,"href":"https:\/\/slovenci.rs\/sl\/wp-json\/wp\/v2\/categories?post=4798"},{"taxonomy":"post_tag","embeddable":true,"href":"https:\/\/slovenci.rs\/sl\/wp-json\/wp\/v2\/tags?post=4798"}],"curies":[{"name":"wp","href":"https:\/\/api.w.org\/{rel}","templated":true}]}}