{"id":4808,"date":"2022-04-04T15:37:15","date_gmt":"2022-04-04T13:37:15","guid":{"rendered":"https:\/\/slovenci.rs\/?p=4808"},"modified":"2022-04-04T15:37:49","modified_gmt":"2022-04-04T13:37:49","slug":"obisk-ambasadora-republike-slovenije-gospoda-damjana-berganta-drustvu-slovencev-triglav-v-subotici","status":"publish","type":"post","link":"https:\/\/slovenci.rs\/sl\/obisk-ambasadora-republike-slovenije-gospoda-damjana-berganta-drustvu-slovencev-triglav-v-subotici\/","title":{"rendered":"Obisk ambasadora Republike Slovenije gospoda Damjana Berganta Dru\u0161tvu Slovencev Triglav v Subotici"},"content":{"rendered":"<p>&nbsp;<\/p>\n<p style=\"text-align: justify;\">Ambasador Republike Slovenije gospod Damjan Bergant, je 31.3.2022, obiskal Dru\u0161tvo Slovencev Triglav v Subotici. Na tem obisku ga je spremljal Sa\u0161a Verbi\u010d, predsednik Nacionalnega sveta slovenske narodne manj\u0161ine.<\/p>\n<p style=\"text-align: justify;\">\u010clani Dru\u0161tva Triglav so sprejeli gospoda ambasadora v svojih prostorih na Del\u010danski ulici. Ispred Dru\u0161tva goste je pozdravil Igor Race, predsednik Dru\u0161tva Triglav, predstavil prisotne \u010dlane in goste seznanil s problemi, s katerim se sre\u010dujejo pri svojem delu. Dru\u0161tvo Triglav bo letos oktobra praznovalo jubilej 20 let od ustanovitve. Na\u017ealost, prostori, v katerih so danes, niso primerni za njihove dejavnosti. Pouk slovenskega jezika ne morejo izvajati v njih, temve\u010d oddelno v eni osnovni \u0161oli. To mlade oddaljuje od Dru\u0161tva, kar ni v redu. Lokalna oblast jih je izselila pred nekaj leti iz prostorih, kjer so imeli bolj\u0161e pogoje. Gospod ambasador je poslu\u0161al \u010dlane dru\u0161tva Triglav in obljubil, da bo ambasada pisala lokalni samoupravi v Subotici pro\u0161njo za re\u0161itev problema slovenske skupnosti v Subotici.<\/p>\n<p style=\"text-align: justify;\">Ob tej priliki, Sa\u0161a Verbi\u010d, predsenik Nacionalnega sveta slovenske narodne manj\u0161ine, je prisotne \u010dlane Dru\u0161tva Slovencev Triglav seznanil z dejavnostmi, ki jih izvaja Nacionalni svet v zvezi s popisom prebivalstva v Srbiji. On je poudaril zna\u010daj popisa za slovensko skupnost v Srbiji.<\/p>\n<p style=\"text-align: justify;\">\n<p style=\"text-align: justify;\"><a href=\"https:\/\/slovenci.rs\/wp-content\/uploads\/2022\/04\/Triglav-31.3.jpg\"><img loading=\"lazy\" decoding=\"async\" class=\"aligncenter size-medium wp-image-4810\" src=\"https:\/\/slovenci.rs\/wp-content\/uploads\/2022\/04\/Triglav-31.3-300x300.jpg\" alt=\"Triglav, 31.3\" width=\"300\" height=\"300\" srcset=\"https:\/\/slovenci.rs\/wp-content\/uploads\/2022\/04\/Triglav-31.3-300x300.jpg 300w, https:\/\/slovenci.rs\/wp-content\/uploads\/2022\/04\/Triglav-31.3-150x150.jpg 150w, https:\/\/slovenci.rs\/wp-content\/uploads\/2022\/04\/Triglav-31.3-1024x1024.jpg 1024w, https:\/\/slovenci.rs\/wp-content\/uploads\/2022\/04\/Triglav-31.3.jpg 1600w\" sizes=\"auto, (max-width: 300px) 100vw, 300px\" \/><\/a><\/p>","protected":false},"excerpt":{"rendered":"<p>&nbsp; Ambasador Republike Slovenije gospod Damjan Bergant, je 31.3.2022, obiskal Dru\u0161tvo Slovencev Triglav v Subotici. Na tem obisku ga je spremljal Sa\u0161a Verbi\u010d, predsednik Nacionalnega sveta slovenske narodne manj\u0161ine. \u010clani Dru\u0161tva Triglav so sprejeli gospoda ambasadora v svojih prostorih na Del\u010danski ulici. Ispred Dru\u0161tva goste je pozdravil Igor Race, predsednik Dru\u0161tva Triglav, predstavil prisotne \u010dlane [&hellip;]<\/p>\n","protected":false},"author":1,"featured_media":0,"comment_status":"closed","ping_status":"closed","sticky":false,"template":"","format":"standard","meta":{"footnotes":""},"categories":[1],"tags":[],"class_list":["post-4808","post","type-post","status-publish","format-standard","hentry","category-uncategorized"],"_links":{"self":[{"href":"https:\/\/slovenci.rs\/sl\/wp-json\/wp\/v2\/posts\/4808","targetHints":{"allow":["GET"]}}],"collection":[{"href":"https:\/\/slovenci.rs\/sl\/wp-json\/wp\/v2\/posts"}],"about":[{"href":"https:\/\/slovenci.rs\/sl\/wp-json\/wp\/v2\/types\/post"}],"author":[{"embeddable":true,"href":"https:\/\/slovenci.rs\/sl\/wp-json\/wp\/v2\/users\/1"}],"replies":[{"embeddable":true,"href":"https:\/\/slovenci.rs\/sl\/wp-json\/wp\/v2\/comments?post=4808"}],"version-history":[{"count":2,"href":"https:\/\/slovenci.rs\/sl\/wp-json\/wp\/v2\/posts\/4808\/revisions"}],"predecessor-version":[{"id":4811,"href":"https:\/\/slovenci.rs\/sl\/wp-json\/wp\/v2\/posts\/4808\/revisions\/4811"}],"wp:attachment":[{"href":"https:\/\/slovenci.rs\/sl\/wp-json\/wp\/v2\/media?parent=4808"}],"wp:term":[{"taxonomy":"category","embeddable":true,"href":"https:\/\/slovenci.rs\/sl\/wp-json\/wp\/v2\/categories?post=4808"},{"taxonomy":"post_tag","embeddable":true,"href":"https:\/\/slovenci.rs\/sl\/wp-json\/wp\/v2\/tags?post=4808"}],"curies":[{"name":"wp","href":"https:\/\/api.w.org\/{rel}","templated":true}]}}