{"id":4813,"date":"2022-04-13T16:03:15","date_gmt":"2022-04-13T14:03:15","guid":{"rendered":"https:\/\/slovenci.rs\/?p=4813"},"modified":"2022-04-13T16:12:29","modified_gmt":"2022-04-13T14:12:29","slug":"seja-sveta-vlade-republike-slovenije-za-slovence-po-svetu","status":"publish","type":"post","link":"https:\/\/slovenci.rs\/sl\/seja-sveta-vlade-republike-slovenije-za-slovence-po-svetu\/","title":{"rendered":"Seja Sveta Vlade Republike Slovenije za Slovence po svetu"},"content":{"rendered":"<p class=\"s6\" style=\"text-align: justify;\"><span class=\"s5\"><span class=\"bumpedFont15\"><br \/>\nDne<\/span><\/span><span class=\"s5\"><span class=\"bumpedFont15\"> 22. <\/span><\/span><span class=\"s5\"><span class=\"bumpedFont15\">marca<\/span><\/span><span class=\"s5\"><span class=\"bumpedFont15\"> 2022<\/span><\/span><span class=\"s5\"><span class=\"bumpedFont15\"> se <\/span><\/span><span class=\"s5\"><span class=\"bumpedFont15\">je<\/span><\/span><span class=\"s5\"><span class=\"bumpedFont15\"> na povabilo predsednika Vlade Republike Slovenije Janeza <\/span><\/span><span class=\"s5\"><span class=\"bumpedFont15\">Jan\u0161e<\/span><\/span> <span class=\"s5\"><span class=\"bumpedFont15\">sestal<\/span><\/span><span class=\"s5\"><span class=\"bumpedFont15\"> Svet Vlade RS za Slovence po svetu, <\/span><\/span><span class=\"s5\"><span class=\"bumpedFont15\">ki<\/span><\/span><span class=\"s5\"><span class=\"bumpedFont15\"> mu predsednik vlade <\/span><\/span><span class=\"s5\"><span class=\"bumpedFont15\">tudi<\/span><\/span> <span class=\"s5\"><span class=\"bumpedFont15\">predseduje<\/span><\/span><span class=\"s5\"><span class=\"bumpedFont15\">. <\/span><\/span><span class=\"s5\"><span class=\"bumpedFont15\">Kot<\/span><\/span> <span class=\"s5\"><span class=\"bumpedFont15\">podpredsednica<\/span><\/span><span class=\"s5\"><span class=\"bumpedFont15\"> sveta <\/span><\/span><span class=\"s5\"><span class=\"bumpedFont15\">je<\/span><\/span><span class=\"s5\"><span class=\"bumpedFont15\"> na seji <\/span><\/span><span class=\"s5\"><span class=\"bumpedFont15\">sodelovala<\/span><\/span> <span class=\"s5\"><span class=\"bumpedFont15\">ministrica<\/span><\/span><span class=\"s5\"><span class=\"bumpedFont15\"> za Slovence v <\/span><\/span><span class=\"s5\"><span class=\"bumpedFont15\">zamejstvu<\/span><\/span><span class=\"s5\"><span class=\"bumpedFont15\"> in po svetu dr.<\/span><\/span> <span class=\"s5\"><span class=\"bumpedFont15\">Helena <\/span><\/span><span class=\"s5\"><span class=\"bumpedFont15\">Jaklitsch<\/span><\/span><span class=\"s5\"><span class=\"bumpedFont15\">.<\/span><\/span><\/p>\n<p class=\"s9\" style=\"text-align: justify;\"><span class=\"s5\"><span class=\"bumpedFont15\">V Svetu Vlade RS za Slovence po svetu <\/span><\/span><span class=\"s5\"><span class=\"bumpedFont15\">sodeluj<\/span><\/span><span class=\"s5\"><span class=\"bumpedFont15\">ejo\u00a0<\/span><\/span><span class=\"s5\"><span class=\"bumpedFont15\">predstavniki<\/span><\/span><span class=\"s5\"><span class=\"bumpedFont15\"> slovenskih\u00a0<\/span><\/span><span class=\"s5\"><span class=\"bumpedFont15\">izseljencev<\/span><\/span><span class=\"s5\"><span class=\"bumpedFont15\">, in <\/span><\/span><span class=\"s5\"><span class=\"bumpedFont15\">sicer<\/span><\/span> <span class=\"s5\"><span class=\"bumpedFont15\">izseljence<\/span><\/span> <span class=\"s5\"><span class=\"bumpedFont15\">\u017eive\u010de v\u00a0<\/span><\/span><span class=\"s5\"><span class=\"bumpedFont15\">Srbiji predstavlja <\/span><\/span><span class=\"s8\"><span class=\"bumpedFont15\">dr. Maja \u0110ukanovi\u0107<\/span><\/span><span class=\"s8\"><span class=\"bumpedFont15\">.<\/span><\/span> <span class=\"s8\"><span class=\"bumpedFont15\">Cveto \u0160u\u0161melj<\/span><\/span><span class=\"s8\"><span class=\"bumpedFont15\"> je\u00a0<\/span><\/span><span class=\"s8\"><span class=\"bumpedFont15\">predstavnik slovenskih izseljencev, \u017eive\u010dih na Hrva\u0161kem, Emil Kos, predstavnik Slovencev, \u017eive\u010dih v Luksemburgu, Gabrijela \u017dagar <\/span><\/span><span class=\"s8\"><span class=\"bumpedFont15\">Ferreyra<\/span><\/span><span class=\"s8\"><span class=\"bumpedFont15\">, predstavnica Slovencev, \u017eive\u010dih v Nem\u010diji, <\/span><\/span><span class=\"s8\"><span class=\"bumpedFont15\">Mariana<\/span><\/span><span class=\"s8\"><span class=\"bumpedFont15\"> Pozni\u010d, predstavnica Slovencev \u017eive\u010dih v Argentini, Jure Komar, predstavnik Slovencev \u017eive\u010dih v Argentini, Marjan Kolari\u010d, predstavnik Slovencev, \u017eive\u010dih v Kanadi<\/span><\/span><span class=\"s8\"><span class=\"bumpedFont15\">, <\/span><\/span><span class=\"s8\"><span class=\"bumpedFont15\">Valdeir<\/span><\/span> <span class=\"s8\"><span class=\"bumpedFont15\">Vidrik<\/span><\/span><span class=\"s8\"><span class=\"bumpedFont15\">, <\/span><\/span><span class=\"s8\"><span class=\"bumpedFont15\">predstavnik Slovencev, \u017eive\u010dih v Braziliji, dr. Jure Leskovec, predstavnik Slovencev \u017eive\u010dih v Zdru\u017eenih dr\u017eavah Amerike, Joseph Valen\u010di\u010d, predstavnik Slovencev \u017eive\u010dih v Zdru\u017eenih dr\u017eavah Amerike, Walter <\/span><\/span><span class=\"s8\"><span class=\"bumpedFont15\">Suber<\/span><\/span><span class=\"s8\"><span class=\"bumpedFont15\">, predstavnik Slovencev, \u017eive\u010dih v Avstraliji<\/span><\/span><span class=\"s8\"><span class=\"bumpedFont15\"> in <\/span><\/span><span class=\"s8\"><span class=\"bumpedFont15\">Igor <\/span><\/span><span class=\"s8\"><span class=\"bumpedFont15\">Cesarec<\/span><\/span><span class=\"s8\"><span class=\"bumpedFont15\">, Dru\u0161tvo v tujini izobra\u017eenih Slovencev.<\/span><\/span><\/p>\n<p class=\"s9\" style=\"text-align: justify;\"><span class=\"s5\"><span class=\"bumpedFont15\">Na seji so <\/span><\/span><span class=\"s5\"><span class=\"bumpedFont15\">p<\/span><\/span><span class=\"s5\"><span class=\"bumpedFont15\">redstavniki<\/span><\/span><span class=\"s5\"><span class=\"bumpedFont15\"> slovenskih skupnosti iz <\/span><\/span><span class=\"s5\"><span class=\"bumpedFont15\">zdomstva<\/span><\/span><span class=\"s5\"><span class=\"bumpedFont15\"> in <\/span><\/span><span class=\"s5\"><span class=\"bumpedFont15\">izseljenstva<\/span><\/span><span class=\"s5\"><span class=\"bumpedFont15\"> ter slovenskih <\/span><\/span><span class=\"s5\"><span class=\"bumpedFont15\">organizacij<\/span><\/span><span class=\"s5\"><span class=\"bumpedFont15\">, <\/span><\/span><span class=\"s5\"><span class=\"bumpedFont15\">ki<\/span><\/span> <span class=\"s5\"><span class=\"bumpedFont15\">delujejo<\/span><\/span><span class=\"s5\"><span class=\"bumpedFont15\"> na <\/span><\/span><span class=\"s5\"><span class=\"bumpedFont15\">podro\u010dju\u00a0<\/span><\/span><span class=\"s5\"><span class=\"bumpedFont15\">skrbi za <\/span><\/span><span class=\"s5\"><span class=\"bumpedFont15\">ohranjanje<\/span><\/span><span class=\"s5\"><span class=\"bumpedFont15\"> slovenstva po svetu, <\/span><\/span><span class=\"s5\"><span class=\"bumpedFont15\">premier<\/span><\/span><span class=\"s5\"><span class=\"bumpedFont15\"> ter ministri, <\/span><\/span><span class=\"s5\"><span class=\"bumpedFont15\">ki<\/span><\/span><span class=\"s5\"><span class=\"bumpedFont15\"> se <\/span><\/span><span class=\"s5\"><span class=\"bumpedFont15\">sre\u010dujejo<\/span><\/span><span class=\"s5\"><span class=\"bumpedFont15\"> s problematiko Slovencev po svetu, govorili o <\/span><\/span><span class=\"s5\"><span class=\"bumpedFont15\">trenutnem<\/span><\/span><span class=\"s5\"><span class=\"bumpedFont15\"> stanju in <\/span><\/span><span class=\"s5\"><span class=\"bumpedFont15\">potrebah<\/span><\/span><span class=\"s5\"><span class=\"bumpedFont15\"> slovenske skupnosti v svetu ter <\/span><\/span><span class=\"s5\"><span class=\"bumpedFont15\">predlogih<\/span><\/span><span class=\"s5\"><span class=\"bumpedFont15\"> za <\/span><\/span><span class=\"s5\"><span class=\"bumpedFont15\">izbolj\u0161anje<\/span><\/span> <span class=\"s5\"><span class=\"bumpedFont15\">njihovega<\/span><\/span><span class=\"s5\"><span class=\"bumpedFont15\"> polo\u017eaja. Posebno pozornost<\/span><\/span><span class=\"s5\"><span class=\"bumpedFont15\"> je bila namenjena<\/span><\/span><span class=\"s5\"><span class=\"bumpedFont15\"> o<\/span><\/span><span class=\"s5\"><span class=\"bumpedFont15\">hranjanju<\/span><\/span><span class=\"s5\"><span class=\"bumpedFont15\"> in <\/span><\/span><span class=\"s5\"><span class=\"bumpedFont15\">krepitvi<\/span><\/span><span class=\"s5\"><span class=\"bumpedFont15\"> znanja <\/span><\/span><span class=\"s5\"><span class=\"bumpedFont15\">slovenskega<\/span><\/span><span class=\"s5\"><span class=\"bumpedFont15\"> jezika Slovencev po svetu.<\/span><\/span><\/p>","protected":false},"excerpt":{"rendered":"<p>Dne 22. marca 2022 se je na povabilo predsednika Vlade Republike Slovenije Janeza Jan\u0161e sestal Svet Vlade RS za Slovence po svetu, ki mu predsednik vlade tudi predseduje. Kot podpredsednica sveta je na seji sodelovala ministrica za Slovence v zamejstvu in po svetu dr. Helena Jaklitsch. V Svetu Vlade RS za Slovence po svetu sodelujejo\u00a0predstavniki [&hellip;]<\/p>\n","protected":false},"author":1,"featured_media":0,"comment_status":"closed","ping_status":"closed","sticky":false,"template":"","format":"standard","meta":{"footnotes":""},"categories":[1],"tags":[],"class_list":["post-4813","post","type-post","status-publish","format-standard","hentry","category-uncategorized"],"_links":{"self":[{"href":"https:\/\/slovenci.rs\/sl\/wp-json\/wp\/v2\/posts\/4813","targetHints":{"allow":["GET"]}}],"collection":[{"href":"https:\/\/slovenci.rs\/sl\/wp-json\/wp\/v2\/posts"}],"about":[{"href":"https:\/\/slovenci.rs\/sl\/wp-json\/wp\/v2\/types\/post"}],"author":[{"embeddable":true,"href":"https:\/\/slovenci.rs\/sl\/wp-json\/wp\/v2\/users\/1"}],"replies":[{"embeddable":true,"href":"https:\/\/slovenci.rs\/sl\/wp-json\/wp\/v2\/comments?post=4813"}],"version-history":[{"count":8,"href":"https:\/\/slovenci.rs\/sl\/wp-json\/wp\/v2\/posts\/4813\/revisions"}],"predecessor-version":[{"id":4821,"href":"https:\/\/slovenci.rs\/sl\/wp-json\/wp\/v2\/posts\/4813\/revisions\/4821"}],"wp:attachment":[{"href":"https:\/\/slovenci.rs\/sl\/wp-json\/wp\/v2\/media?parent=4813"}],"wp:term":[{"taxonomy":"category","embeddable":true,"href":"https:\/\/slovenci.rs\/sl\/wp-json\/wp\/v2\/categories?post=4813"},{"taxonomy":"post_tag","embeddable":true,"href":"https:\/\/slovenci.rs\/sl\/wp-json\/wp\/v2\/tags?post=4813"}],"curies":[{"name":"wp","href":"https:\/\/api.w.org\/{rel}","templated":true}]}}