{"id":4822,"date":"2022-04-13T16:14:30","date_gmt":"2022-04-13T14:14:30","guid":{"rendered":"https:\/\/slovenci.rs\/?p=4822"},"modified":"2022-04-13T16:22:14","modified_gmt":"2022-04-13T14:22:14","slug":"sestanek-odbora-za-izobrazevanje","status":"publish","type":"post","link":"https:\/\/slovenci.rs\/sl\/sestanek-odbora-za-izobrazevanje\/","title":{"rendered":"Sestanek Odbora za izobra\u017eevanje"},"content":{"rendered":"<p style=\"text-align: justify;\"><span class=\"s4\"><span class=\"bumpedFont15\"><br \/>\nV <\/span><\/span><span class=\"s4\"><span class=\"bumpedFont15\">prostorih<\/span><\/span><span class=\"s4\"><span class=\"bumpedFont15\"> Dru\u0161tva Slovencev <\/span><\/span><span class=\"s4\"><span class=\"bumpedFont15\">Kredarica<\/span><\/span><span class=\"s4\"><span class=\"bumpedFont15\"> v <\/span><\/span><span class=\"s4\"><span class=\"bumpedFont15\">Novem<\/span><\/span><span class=\"s4\"><span class=\"bumpedFont15\"> Sadu se je v <\/span><\/span><span class=\"s4\"><span class=\"bumpedFont15\">petek<\/span><\/span><span class=\"s4\"><span class=\"bumpedFont15\">, 1. aprila 2022 <\/span><\/span><span class=\"s4\"><span class=\"bumpedFont15\">sestal<\/span><\/span><span class=\"s4\"><span class=\"bumpedFont15\"> Odbor za <\/span><\/span><span class=\"s4\"><span class=\"bumpedFont15\">izobra\u017eevanje\u00a0<\/span><\/span><span class=\"s4\"><span class=\"bumpedFont15\">Nacionalnega<\/span><\/span><span class=\"s4\"><span class=\"bumpedFont15\"> sveta slovenske <\/span><\/span><span class=\"s4\"><span class=\"bumpedFont15\">manj\u0161ine<\/span><\/span><span class=\"s4\"><span class=\"bumpedFont15\"> v Srbiji. <\/span><\/span><span class=\"s4\"><span class=\"bumpedFont15\">Sestanka<\/span><\/span><span class=\"s4\"><span class=\"bumpedFont15\"> so se na vabilo dr. Maje \u0110ukanovi\u0107 u<\/span><\/span><span class=\"s4\"><span class=\"bumpedFont15\">dele\u017eile<\/span><\/span><span class=\"s4\"><span class=\"bumpedFont15\"> \u010dlanice Odbora Elza <\/span><\/span><span class=\"s4\"><span class=\"bumpedFont15\">Ajdukovi\u0107<\/span><\/span><span class=\"s4\"><span class=\"bumpedFont15\">, Nina Stanimirov Veri\u0161 in Milena Spremo, ter Rut Zlobec<\/span><\/span><span class=\"s4\"><span class=\"bumpedFont15\">, u\u010diteljica <\/span><\/span><span class=\"s4\"><span class=\"bumpedFont15\">slovenskega<\/span><\/span><span class=\"s4\"><span class=\"bumpedFont15\"> jezika<\/span><\/span><span class=\"s4\"><span class=\"bumpedFont15\"> in Milena Nedeljkovi\u0107<\/span><\/span><span class=\"s4\"><span class=\"bumpedFont15\">, <\/span><\/span><span class=\"s4\"><span class=\"bumpedFont15\">socialna<\/span><\/span> <span class=\"s4\"><span class=\"bumpedFont15\">pedagoginja<\/span><\/span><span class=\"s4\"><span class=\"bumpedFont15\">.<\/span><\/span><\/p>\n<p class=\"s5\" style=\"text-align: justify;\"><span class=\"s4\"><span class=\"bumpedFont15\">Pogovor je <\/span><\/span><span class=\"s4\"><span class=\"bumpedFont15\">potekal<\/span><\/span><span class=\"s4\"><span class=\"bumpedFont15\"> o <\/span><\/span><span class=\"s4\"><span class=\"bumpedFont15\">te\u017eavah<\/span><\/span><span class=\"s4\"><span class=\"bumpedFont15\"> v izvajanju pouka <\/span><\/span><span class=\"s4\"><span class=\"bumpedFont15\">fakultativnega\u00a0<\/span><\/span><span class=\"s4\"><span class=\"bumpedFont15\">predmeta <\/span><\/span><span class=\"s4\"><span class=\"bumpedFont15\">Slovenski jezik z elementi kulture<\/span><\/span> <span class=\"s4\"><span class=\"bumpedFont15\">v osnovnih <\/span><\/span><span class=\"s4\"><span class=\"bumpedFont15\">\u0161olah<\/span><\/span><span class=\"s4\"><span class=\"bumpedFont15\">. <\/span><\/span><span class=\"s4\"><span class=\"bumpedFont15\">Sklenjeno<\/span><\/span><span class=\"s4\"><span class=\"bumpedFont15\"> je, da je ob koncu tega <\/span><\/span><span class=\"s4\"><span class=\"bumpedFont15\">\u0161olskega<\/span><\/span><span class=\"s4\"><span class=\"bumpedFont15\"> leta <\/span><\/span><span class=\"s4\"><span class=\"bumpedFont15\">nujno<\/span><\/span><span class=\"s4\"><span class=\"bumpedFont15\"> potrebno aktivno <\/span><\/span><span class=\"s4\"><span class=\"bumpedFont15\">spremljati<\/span><\/span><span class=\"s4\"><span class=\"bumpedFont15\"> izvajanje ankete o <\/span><\/span><span class=\"s4\"><span class=\"bumpedFont15\">izbiri<\/span><\/span> <span class=\"s4\"><span class=\"bumpedFont15\">manj\u0161inskega\u00a0<\/span><\/span><span class=\"s4\"><span class=\"bumpedFont15\">jezika v \u0161olah<\/span><\/span><span class=\"s4\"><span class=\"bumpedFont15\">, <\/span><\/span><span class=\"s4\"><span class=\"bumpedFont15\">predvsem<\/span><\/span><span class=\"s4\"><span class=\"bumpedFont15\"> pa se <\/span><\/span><span class=\"s4\"><span class=\"bumpedFont15\">osredoto\u010diti<\/span><\/span><span class=\"s4\"><span class=\"bumpedFont15\"> na iskanje <\/span><\/span><span class=\"s4\"><span class=\"bumpedFont15\">ustreznega<\/span><\/span> <span class=\"s4\"><span class=\"bumpedFont15\">u\u010diteljskega<\/span><\/span><span class=\"s4\"><span class=\"bumpedFont15\"> kadra. Za izvajanje pouka je potrebno napisati <\/span><\/span><span class=\"s4\"><span class=\"bumpedFont15\">ustrezne<\/span><\/span> <span class=\"s4\"><span class=\"bumpedFont15\">u\u010dbenike<\/span><\/span><span class=\"s4\"><span class=\"bumpedFont15\"> za slovenski jezik od 3. do 8. razreda<\/span><\/span><span class=\"s4\"><span class=\"bumpedFont15\">. Odbor bo <\/span><\/span><span class=\"s4\"><span class=\"bumpedFont15\">nadaljeval<\/span><\/span><span class=\"s4\"><span class=\"bumpedFont15\"> s <\/span><\/span><span class=\"s4\"><span class=\"bumpedFont15\">prizadevanji<\/span><\/span><span class=\"s4\"><span class=\"bumpedFont15\">, da se <\/span><\/span><span class=\"s4\"><span class=\"bumpedFont15\">pouk\u00a0<\/span><\/span><span class=\"s4\"><span class=\"bumpedFont15\">slovenskega<\/span><\/span><span class=\"s4\"><span class=\"bumpedFont15\"> jezika in kulture v <\/span><\/span><span class=\"s4\"><span class=\"bumpedFont15\">srbskih<\/span><\/span><span class=\"s4\"><span class=\"bumpedFont15\"> osnovnih <\/span><\/span><span class=\"s4\"><span class=\"bumpedFont15\">\u0161olah\u00a0<\/span><\/span><span class=\"s4\"><span class=\"bumpedFont15\">nemoteno<\/span><\/span> <span class=\"s4\"><span class=\"bumpedFont15\">udejanja<\/span><\/span><span class=\"s4\"><span class=\"bumpedFont15\">.<\/span><\/span><\/p>\n<p class=\"s5\" style=\"text-align: justify;\"><img loading=\"lazy\" decoding=\"async\" class=\"aligncenter size-medium wp-image-4824\" src=\"https:\/\/slovenci.rs\/wp-content\/uploads\/2022\/04\/A95BC506-B4A4-4248-B055-439F4041E786-300x225.jpeg\" alt=\"A95BC506-B4A4-4248-B055-439F4041E786\" width=\"300\" height=\"225\" srcset=\"https:\/\/slovenci.rs\/wp-content\/uploads\/2022\/04\/A95BC506-B4A4-4248-B055-439F4041E786-300x225.jpeg 300w, https:\/\/slovenci.rs\/wp-content\/uploads\/2022\/04\/A95BC506-B4A4-4248-B055-439F4041E786-1024x769.jpeg 1024w, https:\/\/slovenci.rs\/wp-content\/uploads\/2022\/04\/A95BC506-B4A4-4248-B055-439F4041E786.jpeg 1800w\" sizes=\"auto, (max-width: 300px) 100vw, 300px\" \/><\/p>","protected":false},"excerpt":{"rendered":"<p>V prostorih Dru\u0161tva Slovencev Kredarica v Novem Sadu se je v petek, 1. aprila 2022 sestal Odbor za izobra\u017eevanje\u00a0Nacionalnega sveta slovenske manj\u0161ine v Srbiji. Sestanka so se na vabilo dr. Maje \u0110ukanovi\u0107 udele\u017eile \u010dlanice Odbora Elza Ajdukovi\u0107, Nina Stanimirov Veri\u0161 in Milena Spremo, ter Rut Zlobec, u\u010diteljica slovenskega jezika in Milena Nedeljkovi\u0107, socialna pedagoginja. Pogovor [&hellip;]<\/p>\n","protected":false},"author":1,"featured_media":0,"comment_status":"closed","ping_status":"closed","sticky":false,"template":"","format":"standard","meta":{"footnotes":""},"categories":[1],"tags":[],"class_list":["post-4822","post","type-post","status-publish","format-standard","hentry","category-uncategorized"],"_links":{"self":[{"href":"https:\/\/slovenci.rs\/sl\/wp-json\/wp\/v2\/posts\/4822","targetHints":{"allow":["GET"]}}],"collection":[{"href":"https:\/\/slovenci.rs\/sl\/wp-json\/wp\/v2\/posts"}],"about":[{"href":"https:\/\/slovenci.rs\/sl\/wp-json\/wp\/v2\/types\/post"}],"author":[{"embeddable":true,"href":"https:\/\/slovenci.rs\/sl\/wp-json\/wp\/v2\/users\/1"}],"replies":[{"embeddable":true,"href":"https:\/\/slovenci.rs\/sl\/wp-json\/wp\/v2\/comments?post=4822"}],"version-history":[{"count":12,"href":"https:\/\/slovenci.rs\/sl\/wp-json\/wp\/v2\/posts\/4822\/revisions"}],"predecessor-version":[{"id":4835,"href":"https:\/\/slovenci.rs\/sl\/wp-json\/wp\/v2\/posts\/4822\/revisions\/4835"}],"wp:attachment":[{"href":"https:\/\/slovenci.rs\/sl\/wp-json\/wp\/v2\/media?parent=4822"}],"wp:term":[{"taxonomy":"category","embeddable":true,"href":"https:\/\/slovenci.rs\/sl\/wp-json\/wp\/v2\/categories?post=4822"},{"taxonomy":"post_tag","embeddable":true,"href":"https:\/\/slovenci.rs\/sl\/wp-json\/wp\/v2\/tags?post=4822"}],"curies":[{"name":"wp","href":"https:\/\/api.w.org\/{rel}","templated":true}]}}