{"id":4837,"date":"2022-04-21T20:31:21","date_gmt":"2022-04-21T18:31:21","guid":{"rendered":"https:\/\/slovenci.rs\/?p=4837"},"modified":"2022-04-21T20:32:07","modified_gmt":"2022-04-21T18:32:07","slug":"obisk-njegove-ekselence-damjana-berganta-ambasadora-republike-slovenije-drustvu-slovencev-emona-v-rumi","status":"publish","type":"post","link":"https:\/\/slovenci.rs\/sl\/obisk-njegove-ekselence-damjana-berganta-ambasadora-republike-slovenije-drustvu-slovencev-emona-v-rumi\/","title":{"rendered":"Obisk njegove ekselence Damjana Berganta ambasadora Republike Slovenije Dru\u0161tvu Slovencev \u201eEmona\u201c v Rumi"},"content":{"rendered":"<p>&nbsp;<\/p>\n<p style=\"text-align: justify;\">Dne 14.4.2022 je gospod Damjan Bergant obiskal Dru\u0161tvo Slovencev \u201eEmona\u201c v Rumi. Na obisku ga je spremljal Sa\u0161a Verbi\u010d, predsednik Nacionalnega sveta slovenske narodne manj\u0161ine v Srbiji. Obisk se je za\u010del s sre\u010danjem v prostorih Dru\u0161tva \u201eEmona\u201c na naslovu Partizanske 41 v Rumi. Veleposlanika so prisr\u010dno pozdravili Zoran Jovi\u010di\u0107, predsednik Dru\u0161tva \u201eEmona\u201c ter \u010dlani vodstva Dru\u0161tva in slovenskih podjetjih, ki delujejo v Rumi.<\/p>\n<p style=\"text-align: justify;\">\nGospod Zoran Jovi\u010di\u0107 je goste spoznal z dejavnostimi \u010dlanov Dru\u0161tva \u201eEmona\u201c med katerim je najbolj obiskovana \u201eBeremo s Slovenijo\u201c in na kateri sodelujejo otroci iz slovenskih dru\u0161tev v Srbiji.<\/p>\n<p style=\"text-align: justify;\">\nPrisotne \u010dlane Dru\u0161tva je v svojem nagovoru pozdravil gospod Damjan Bergant in pohvalil delo \u010dlanov na ohranjanju slovenskega jezika in identitete. Obisk v Rumi se je nadaljeval v ob\u010dinski hi\u0161i. Predsednica ob\u010dine Ruma gospa Aleksandra \u0106iri\u0107 je goste seznanila s projekti na podro\u010dju ob\u010dine Ruma in \u017eivljenjem prebivalcem, med katerimi so tudi pripadniki slovenske skupnosti. Gospod veleposlanik se je zahvalil na sprejemu in pohvalil odnos lokalne samouprave do slovenske skupnosti v ob\u010dini Ruma.<\/p>\n<p style=\"text-align: justify;\">\nPo obisku v ob\u010dinski hi\u0161i njegova ekselenca gospod Damjan Bergant se je napotil v Vrdnik, kjer so \u017eiveli in delali slovenski rudarji. Na pokopali\u0161\u010du v Vrdniku je bilo videti veliko spomenikov s slovenskimi priimki. Gospod veleposlanik je izrazil zanimanje za podatke o Slovencih, ki so tu pokopani in o skrbi za ohranjanje spomenikov. S tem je obisk v Rumi kon\u010dan.<\/p>\n<p style=\"text-align: justify;\">\n<p style=\"text-align: justify;\"><a href=\"https:\/\/slovenci.rs\/wp-content\/uploads\/2022\/04\/IMG-52be9e4fbe95071ae82ceedca1525989-V.jpg\"><img loading=\"lazy\" decoding=\"async\" class=\"aligncenter size-medium wp-image-4838\" src=\"https:\/\/slovenci.rs\/wp-content\/uploads\/2022\/04\/IMG-52be9e4fbe95071ae82ceedca1525989-V-300x300.jpg\" alt=\"IMG-52be9e4fbe95071ae82ceedca1525989-V\" width=\"300\" height=\"300\" srcset=\"https:\/\/slovenci.rs\/wp-content\/uploads\/2022\/04\/IMG-52be9e4fbe95071ae82ceedca1525989-V-300x300.jpg 300w, https:\/\/slovenci.rs\/wp-content\/uploads\/2022\/04\/IMG-52be9e4fbe95071ae82ceedca1525989-V-150x150.jpg 150w, https:\/\/slovenci.rs\/wp-content\/uploads\/2022\/04\/IMG-52be9e4fbe95071ae82ceedca1525989-V-1024x1024.jpg 1024w, https:\/\/slovenci.rs\/wp-content\/uploads\/2022\/04\/IMG-52be9e4fbe95071ae82ceedca1525989-V.jpg 1600w\" sizes=\"auto, (max-width: 300px) 100vw, 300px\" \/><\/a><\/p>","protected":false},"excerpt":{"rendered":"<p>&nbsp; Dne 14.4.2022 je gospod Damjan Bergant obiskal Dru\u0161tvo Slovencev \u201eEmona\u201c v Rumi. Na obisku ga je spremljal Sa\u0161a Verbi\u010d, predsednik Nacionalnega sveta slovenske narodne manj\u0161ine v Srbiji. Obisk se je za\u010del s sre\u010danjem v prostorih Dru\u0161tva \u201eEmona\u201c na naslovu Partizanske 41 v Rumi. Veleposlanika so prisr\u010dno pozdravili Zoran Jovi\u010di\u0107, predsednik Dru\u0161tva \u201eEmona\u201c ter \u010dlani [&hellip;]<\/p>\n","protected":false},"author":1,"featured_media":0,"comment_status":"closed","ping_status":"closed","sticky":false,"template":"","format":"standard","meta":{"footnotes":""},"categories":[1],"tags":[],"class_list":["post-4837","post","type-post","status-publish","format-standard","hentry","category-uncategorized"],"_links":{"self":[{"href":"https:\/\/slovenci.rs\/sl\/wp-json\/wp\/v2\/posts\/4837","targetHints":{"allow":["GET"]}}],"collection":[{"href":"https:\/\/slovenci.rs\/sl\/wp-json\/wp\/v2\/posts"}],"about":[{"href":"https:\/\/slovenci.rs\/sl\/wp-json\/wp\/v2\/types\/post"}],"author":[{"embeddable":true,"href":"https:\/\/slovenci.rs\/sl\/wp-json\/wp\/v2\/users\/1"}],"replies":[{"embeddable":true,"href":"https:\/\/slovenci.rs\/sl\/wp-json\/wp\/v2\/comments?post=4837"}],"version-history":[{"count":2,"href":"https:\/\/slovenci.rs\/sl\/wp-json\/wp\/v2\/posts\/4837\/revisions"}],"predecessor-version":[{"id":4840,"href":"https:\/\/slovenci.rs\/sl\/wp-json\/wp\/v2\/posts\/4837\/revisions\/4840"}],"wp:attachment":[{"href":"https:\/\/slovenci.rs\/sl\/wp-json\/wp\/v2\/media?parent=4837"}],"wp:term":[{"taxonomy":"category","embeddable":true,"href":"https:\/\/slovenci.rs\/sl\/wp-json\/wp\/v2\/categories?post=4837"},{"taxonomy":"post_tag","embeddable":true,"href":"https:\/\/slovenci.rs\/sl\/wp-json\/wp\/v2\/tags?post=4837"}],"curies":[{"name":"wp","href":"https:\/\/api.w.org\/{rel}","templated":true}]}}