{"id":4841,"date":"2022-04-21T20:37:45","date_gmt":"2022-04-21T18:37:45","guid":{"rendered":"https:\/\/slovenci.rs\/?p=4841"},"modified":"2022-04-21T20:41:56","modified_gmt":"2022-04-21T18:41:56","slug":"sasa-verbic-predsednik-nss-emisiji-gradanin-na-rts1","status":"publish","type":"post","link":"https:\/\/slovenci.rs\/sl\/sasa-verbic-predsednik-nss-emisiji-gradanin-na-rts1\/","title":{"rendered":"Sa\u0161a Verbi\u010d, predsednik NS u emisiji GRA\u0110ANIN na RTS1"},"content":{"rendered":"<p>&nbsp;<\/p>\n<div>Sa\u0161a Verbi\u010d, predsednik Nacionalnog saveta slovena\u010dke nacionalne manjine govorio je za emisiju GRA\u0110ANIN na RTS1. Ovo je link do emisije.<\/div>\n<div><\/div>\n<div><\/div>\n<p><a href=\"http:\/\/www.rts.rs\/page\/tv\/ci\/story\/17\/rts-1\/4779635\/.html\" target=\"_blank\" rel=\"noreferrer\" data-saferedirecturl=\"https:\/\/www.google.com\/url?q=http:\/\/www.rts.rs\/page\/tv\/ci\/story\/17\/rts-1\/4779635\/.html&amp;source=gmail&amp;ust=1650651930398000&amp;usg=AOvVaw3DUdkI8-LLqkgYiQlwm0Yg\">http:\/\/www.rts.rs\/page\/tv\/ci\/<wbr \/>story\/17\/rts-1\/4779635\/.html<\/a><span style=\"color: #888888;\"><br \/>\n<\/span><\/p>","protected":false},"excerpt":{"rendered":"<p>&nbsp; Sa\u0161a Verbi\u010d, predsednik Nacionalnog saveta slovena\u010dke nacionalne manjine govorio je za emisiju GRA\u0110ANIN na RTS1. Ovo je link do emisije. http:\/\/www.rts.rs\/page\/tv\/ci\/story\/17\/rts-1\/4779635\/.html<\/p>","protected":false},"author":1,"featured_media":0,"comment_status":"closed","ping_status":"closed","sticky":false,"template":"","format":"standard","meta":{"footnotes":""},"categories":[1],"tags":[],"class_list":["post-4841","post","type-post","status-publish","format-standard","hentry","category-uncategorized"],"_links":{"self":[{"href":"https:\/\/slovenci.rs\/sl\/wp-json\/wp\/v2\/posts\/4841","targetHints":{"allow":["GET"]}}],"collection":[{"href":"https:\/\/slovenci.rs\/sl\/wp-json\/wp\/v2\/posts"}],"about":[{"href":"https:\/\/slovenci.rs\/sl\/wp-json\/wp\/v2\/types\/post"}],"author":[{"embeddable":true,"href":"https:\/\/slovenci.rs\/sl\/wp-json\/wp\/v2\/users\/1"}],"replies":[{"embeddable":true,"href":"https:\/\/slovenci.rs\/sl\/wp-json\/wp\/v2\/comments?post=4841"}],"version-history":[{"count":6,"href":"https:\/\/slovenci.rs\/sl\/wp-json\/wp\/v2\/posts\/4841\/revisions"}],"predecessor-version":[{"id":4847,"href":"https:\/\/slovenci.rs\/sl\/wp-json\/wp\/v2\/posts\/4841\/revisions\/4847"}],"wp:attachment":[{"href":"https:\/\/slovenci.rs\/sl\/wp-json\/wp\/v2\/media?parent=4841"}],"wp:term":[{"taxonomy":"category","embeddable":true,"href":"https:\/\/slovenci.rs\/sl\/wp-json\/wp\/v2\/categories?post=4841"},{"taxonomy":"post_tag","embeddable":true,"href":"https:\/\/slovenci.rs\/sl\/wp-json\/wp\/v2\/tags?post=4841"}],"curies":[{"name":"wp","href":"https:\/\/api.w.org\/{rel}","templated":true}]}}