{"id":531,"date":"2012-03-29T14:17:01","date_gmt":"2012-03-29T12:17:01","guid":{"rendered":"https:\/\/slovenci.rs\/?p=531"},"modified":"2012-03-29T14:17:01","modified_gmt":"2012-03-29T12:17:01","slug":"poziv-slovenackog-poslovnog-kluba","status":"publish","type":"post","link":"https:\/\/slovenci.rs\/sl\/poziv-slovenackog-poslovnog-kluba\/","title":{"rendered":"POZIV SLOVENA\u010cKOG POSLOVNOG KLUBA"},"content":{"rendered":"<p>P O Z I V A M O\u00a0 VAS\u00a0 \u00a0NA\u00a0 \u00a094.\u00a0 \u00a0SASTANAK\u00a0\u00a0 SLOVENA\u010cKOG POSLOVNOG KLUBA\u00a0<\/p>\n<p>\u00a0koji \u0107e se odr\u017eati u \u010detvrtak, 05. aprila 2012. godine u 19 \u010dasova<\/p>\n<p>u hotelu Continental\u00a0 Sala\u00a0 Atlantic i Pacific<\/p>\n<p>1.\u00a0\u00a0\u00a0\u00a0 \u201cPrivredna komora Beograda \u2013 promocija, povezivanje i zastupanje\u201d \u2013 Dr. Milan Jankovi\u0107, predsednik PKB\u00a0<\/p>\n<p>2.\u00a0\u00a0\u00a0 \u201cNova strategija za Podunavlje \u2013 \u0161anse za privredu\u201d \u2013 Dr. Janez Podobnik, biv\u0161i ministar za \u017eivotnu sredinu u Vladi Republike Slovenije; direktor Me\u0111unarodnog centra za promociju preduzetni\u0161tva \/ ICPE (Ljubljana, Slovenija)<\/p>\n<p>3.\u00a0\u00a0\u00a0\u00a0 Predstavljanje udru\u017eenja \u201cPoslodavac\u201d\u00a0<\/p>\n<p>4.\u00a0\u00a0\u00a0\u00a0 Koktel<\/p>\n<p>&nbsp;<\/p>\n<p>Molimo Vas da svoje u\u010de\u0161\u0107e potvrdite na e-mail: <a href=\"mailto:klub@spk.rs\">klub@spk.rs<\/a><\/p>\n<p>Srda\u010dan pozdrav<\/p>\n<p>,SLOVENA\u010cKI POSLOVNI KLUB<\/p>\n<p>Uprava Kluba<\/p>\n<p>&nbsp;<\/p>\n<p><a href=\"https:\/\/slovenci.rs\/wp-content\/uploads\/2012\/03\/viewer3.png\"><img loading=\"lazy\" decoding=\"async\" class=\"alignnone size-thumbnail wp-image-532\" title=\"viewer\" src=\"https:\/\/slovenci.rs\/wp-content\/uploads\/2012\/03\/viewer3-150x150.png\" alt=\"\" width=\"150\" height=\"150\" \/><\/a><\/p>","protected":false},"excerpt":{"rendered":"<p>P O Z I V A M O\u00a0 VAS\u00a0 \u00a0NA\u00a0 \u00a094.\u00a0 \u00a0SASTANAK\u00a0\u00a0 SLOVENA\u010cKOG POSLOVNOG KLUBA\u00a0 \u00a0koji \u0107e se odr\u017eati u \u010detvrtak, 05. aprila 2012. godine u 19 \u010dasova u hotelu Continental\u00a0 Sala\u00a0 Atlantic i Pacific 1.\u00a0\u00a0\u00a0\u00a0 \u201cPrivredna komora Beograda \u2013 promocija, povezivanje i zastupanje\u201d \u2013 Dr. Milan Jankovi\u0107, predsednik PKB\u00a0 2.\u00a0\u00a0\u00a0 \u201cNova strategija za Podunavlje [&hellip;]<\/p>\n","protected":false},"author":1,"featured_media":0,"comment_status":"closed","ping_status":"closed","sticky":false,"template":"","format":"standard","meta":{"footnotes":""},"categories":[1],"tags":[],"class_list":["post-531","post","type-post","status-publish","format-standard","hentry","category-uncategorized"],"_links":{"self":[{"href":"https:\/\/slovenci.rs\/sl\/wp-json\/wp\/v2\/posts\/531","targetHints":{"allow":["GET"]}}],"collection":[{"href":"https:\/\/slovenci.rs\/sl\/wp-json\/wp\/v2\/posts"}],"about":[{"href":"https:\/\/slovenci.rs\/sl\/wp-json\/wp\/v2\/types\/post"}],"author":[{"embeddable":true,"href":"https:\/\/slovenci.rs\/sl\/wp-json\/wp\/v2\/users\/1"}],"replies":[{"embeddable":true,"href":"https:\/\/slovenci.rs\/sl\/wp-json\/wp\/v2\/comments?post=531"}],"version-history":[{"count":1,"href":"https:\/\/slovenci.rs\/sl\/wp-json\/wp\/v2\/posts\/531\/revisions"}],"predecessor-version":[{"id":533,"href":"https:\/\/slovenci.rs\/sl\/wp-json\/wp\/v2\/posts\/531\/revisions\/533"}],"wp:attachment":[{"href":"https:\/\/slovenci.rs\/sl\/wp-json\/wp\/v2\/media?parent=531"}],"wp:term":[{"taxonomy":"category","embeddable":true,"href":"https:\/\/slovenci.rs\/sl\/wp-json\/wp\/v2\/categories?post=531"},{"taxonomy":"post_tag","embeddable":true,"href":"https:\/\/slovenci.rs\/sl\/wp-json\/wp\/v2\/tags?post=531"}],"curies":[{"name":"wp","href":"https:\/\/api.w.org\/{rel}","templated":true}]}}