{"id":5382,"date":"2023-06-15T12:55:54","date_gmt":"2023-06-15T10:55:54","guid":{"rendered":"https:\/\/slovenci.rs\/?p=5382"},"modified":"2023-06-15T13:02:50","modified_gmt":"2023-06-15T11:02:50","slug":"obisk-predsednice-republike-slovenije-natase-pirc-musar-v-srbiji","status":"publish","type":"post","link":"https:\/\/slovenci.rs\/sl\/obisk-predsednice-republike-slovenije-natase-pirc-musar-v-srbiji\/","title":{"rendered":"Obisk predsednice Republike Slovenije Nata\u0161e Pirc Musar v Srbiji"},"content":{"rendered":"<p style=\"text-align: justify;\">Na obisku v Srbiji, je 14. in 15.junija 2023 bila predsednica R.Slovenije gospa Nata\u0161a Pirc Musar. Predsednica se je prvega dne obiska, 14.junija udele\u017eila proslave ob dnevu dr\u017eavnosti Republike Slovenije, ki ju je organiziralo Veleposlani\u0161tvo Republike Slovenije v hotelu Crown Plaza. Sprejema so se udele\u017eili tudi \u010dlani slovenske skupnosti v Srbiji. Predstavniki Nacionalnega sveta slovenske narodne manj\u0161ine v Srbiji so imeli posebno \u010dast, da so se osebno pogovarjali s predsednico Republike Slovenije. Delegacijo Nacionalnega sveta so sestavljali Sa\u0161a Verbi\u010d, predsednik Nacionalnega sveta, Dor\u0111e Veselinov, \u010dlan Nacionalnega sveta in Sa\u0161a Radi\u0107, predsednik Izvr\u0161nega odbora Nacionalnega sveta. Oni so seznanili predsednico Pirc Musar s polo\u017eajem slovenske narodne manj\u0161ine v Srbiji in prosili predsednico za pomo\u010d v zvezi s spremembo pogojev za izredni sprejem v slovensko dr\u017eavljanstvo potomcev slovenskih izseljencev. Predsednici so se predstavile tudi u\u010diteljice dopolnilnega pouka slovenskega jezika v Srbiji.<\/p>\n<p style=\"text-align: justify;\">Sa\u0161a Verbi\u010d<\/p>\n<p>&nbsp;<\/p>\n<p>&nbsp;<\/p>\n<p><img loading=\"lazy\" decoding=\"async\" class=\"aligncenter size-large wp-image-5383\" src=\"https:\/\/slovenci.rs\/wp-content\/uploads\/2023\/06\/IMG-722e0fef411c316e5099b838a21f14d2-V-1-1024x576.jpg\" alt=\"\" width=\"720\" height=\"405\" srcset=\"https:\/\/slovenci.rs\/wp-content\/uploads\/2023\/06\/IMG-722e0fef411c316e5099b838a21f14d2-V-1-1024x576.jpg 1024w, https:\/\/slovenci.rs\/wp-content\/uploads\/2023\/06\/IMG-722e0fef411c316e5099b838a21f14d2-V-1-300x169.jpg 300w, https:\/\/slovenci.rs\/wp-content\/uploads\/2023\/06\/IMG-722e0fef411c316e5099b838a21f14d2-V-1-768x432.jpg 768w, https:\/\/slovenci.rs\/wp-content\/uploads\/2023\/06\/IMG-722e0fef411c316e5099b838a21f14d2-V-1-1536x864.jpg 1536w, https:\/\/slovenci.rs\/wp-content\/uploads\/2023\/06\/IMG-722e0fef411c316e5099b838a21f14d2-V-1-18x10.jpg 18w, https:\/\/slovenci.rs\/wp-content\/uploads\/2023\/06\/IMG-722e0fef411c316e5099b838a21f14d2-V-1.jpg 1800w\" sizes=\"auto, (max-width: 720px) 100vw, 720px\" \/><\/p>\n<p>&nbsp;<\/p>","protected":false},"excerpt":{"rendered":"<p>Na obisku v Srbiji, je 14. in 15.junija 2023 bila predsednica R.Slovenije gospa Nata\u0161a Pirc Musar. Predsednica se je prvega dne obiska, 14.junija udele\u017eila proslave ob dnevu dr\u017eavnosti Republike Slovenije, ki ju je organiziralo Veleposlani\u0161tvo Republike Slovenije v hotelu Crown Plaza. Sprejema so se udele\u017eili tudi \u010dlani slovenske skupnosti v Srbiji. Predstavniki Nacionalnega sveta slovenske [&hellip;]<\/p>\n","protected":false},"author":1,"featured_media":0,"comment_status":"closed","ping_status":"closed","sticky":false,"template":"","format":"standard","meta":{"footnotes":""},"categories":[1],"tags":[],"class_list":["post-5382","post","type-post","status-publish","format-standard","hentry","category-uncategorized"],"_links":{"self":[{"href":"https:\/\/slovenci.rs\/sl\/wp-json\/wp\/v2\/posts\/5382","targetHints":{"allow":["GET"]}}],"collection":[{"href":"https:\/\/slovenci.rs\/sl\/wp-json\/wp\/v2\/posts"}],"about":[{"href":"https:\/\/slovenci.rs\/sl\/wp-json\/wp\/v2\/types\/post"}],"author":[{"embeddable":true,"href":"https:\/\/slovenci.rs\/sl\/wp-json\/wp\/v2\/users\/1"}],"replies":[{"embeddable":true,"href":"https:\/\/slovenci.rs\/sl\/wp-json\/wp\/v2\/comments?post=5382"}],"version-history":[{"count":5,"href":"https:\/\/slovenci.rs\/sl\/wp-json\/wp\/v2\/posts\/5382\/revisions"}],"predecessor-version":[{"id":5388,"href":"https:\/\/slovenci.rs\/sl\/wp-json\/wp\/v2\/posts\/5382\/revisions\/5388"}],"wp:attachment":[{"href":"https:\/\/slovenci.rs\/sl\/wp-json\/wp\/v2\/media?parent=5382"}],"wp:term":[{"taxonomy":"category","embeddable":true,"href":"https:\/\/slovenci.rs\/sl\/wp-json\/wp\/v2\/categories?post=5382"},{"taxonomy":"post_tag","embeddable":true,"href":"https:\/\/slovenci.rs\/sl\/wp-json\/wp\/v2\/tags?post=5382"}],"curies":[{"name":"wp","href":"https:\/\/api.w.org\/{rel}","templated":true}]}}