{"id":5390,"date":"2023-06-23T15:34:38","date_gmt":"2023-06-23T13:34:38","guid":{"rendered":"https:\/\/slovenci.rs\/?p=5390"},"modified":"2023-06-23T15:41:11","modified_gmt":"2023-06-23T13:41:11","slug":"sednica-saveta-vlade-republike-srbije-za-nacionalne-manjine-2","status":"publish","type":"post","link":"https:\/\/slovenci.rs\/sl\/sednica-saveta-vlade-republike-srbije-za-nacionalne-manjine-2\/","title":{"rendered":"Sednica Saveta Vlade Republike Srbije za nacionalne manjine"},"content":{"rendered":"<p>&nbsp;<\/p>\n<p>U zgradi Vlade Republike Srbije, Nemanjina 11 odr\u017eana je 22.juna 2023. godine 12.sednica<br \/>\nSaveta za nacionalne manjine.<\/p>\n<p>Sednici saveta za nacionalne manjine je prethodio sastanak Koordinacije nacionalnih saveta<br \/>\nna kome je izabrano Hrvatsko nacionalno vije\u0107e za funkciju potpredsedavaju\u0107eg<br \/>\nkoordinacijom, a koji \u0107e naslediti Romski nacionalni savet na mestu predsedavaju\u0107eg<br \/>\nKoordinacijom tokom 2024. godine.<\/p>\n<p>Sednicu Saveta za nacionalne manjine vodio je gospodin Tomislav \u017digmanov, ministar u<br \/>\nVladi i zamenik predsednika Saveta. Nakon uvodnog izlaganja gospodina ministra, Bor\u010de<br \/>\nVeli\u010dkovski, dosada\u0161nji predsednik Koordinacije podneo je informaciju o radu Koordinacije<br \/>\nnacionalnih saveta u toku prethodne godine. Slede\u0107a ta\u010dka dnevnog reda je bila Usvajanje<br \/>\npredloga programa za dodelu sredstava iz Bud\u017eetskog fonda za nacionalne manjine u 2023.<br \/>\ngodini. Predlo\u017eeno je da prioritetna oblast u 2023. godini bude kultura, a ukupan fond<br \/>\nsredstava iznosi 30 miliona dinara. Zatim su predsednici Nacionalnih saveta govorili o<br \/>\nsprovedenim i planiranim aktivnostima u 2023. godini.<\/p>\n<p>Sednici Saveta su prisustvovali i predstavnici Ministarstva spoljnih poslova, Ministarstva<br \/>\npravde, Ministarstva kulture, Ministarstva lokalne uprave i samouprave, Ministarstva<br \/>\ninformisanja i telekomunikacija, Ministartsva prosvete i Uprave za saradnju sa crkvama i<br \/>\nverskim zajednicama. Ispred Nacionalnog saveta slovena\u010dke nacionalne manjine je sednici<br \/>\nsaveta prisustvovao Sa\u0161a Verbi\u010d, predsednik Nacionalnog saveta.<\/p>\n<p>&nbsp;<\/p>\n<p><img loading=\"lazy\" decoding=\"async\" class=\"aligncenter size-large wp-image-5391\" src=\"https:\/\/slovenci.rs\/wp-content\/uploads\/2023\/06\/1687505432215-1024x769.jpg\" alt=\"\" width=\"720\" height=\"541\" srcset=\"https:\/\/slovenci.rs\/wp-content\/uploads\/2023\/06\/1687505432215-1024x769.jpg 1024w, https:\/\/slovenci.rs\/wp-content\/uploads\/2023\/06\/1687505432215-300x225.jpg 300w, https:\/\/slovenci.rs\/wp-content\/uploads\/2023\/06\/1687505432215-768x577.jpg 768w, https:\/\/slovenci.rs\/wp-content\/uploads\/2023\/06\/1687505432215-1536x1153.jpg 1536w, https:\/\/slovenci.rs\/wp-content\/uploads\/2023\/06\/1687505432215-2048x1538.jpg 2048w, https:\/\/slovenci.rs\/wp-content\/uploads\/2023\/06\/1687505432215-16x12.jpg 16w\" sizes=\"auto, (max-width: 720px) 100vw, 720px\" \/><\/p>","protected":false},"excerpt":{"rendered":"<p>&nbsp; U zgradi Vlade Republike Srbije, Nemanjina 11 odr\u017eana je 22.juna 2023. godine 12.sednica Saveta za nacionalne manjine. Sednici saveta za nacionalne manjine je prethodio sastanak Koordinacije nacionalnih saveta na kome je izabrano Hrvatsko nacionalno vije\u0107e za funkciju potpredsedavaju\u0107eg koordinacijom, a koji \u0107e naslediti Romski nacionalni savet na mestu predsedavaju\u0107eg Koordinacijom tokom 2024. godine. Sednicu [&hellip;]<\/p>\n","protected":false},"author":1,"featured_media":0,"comment_status":"closed","ping_status":"closed","sticky":false,"template":"","format":"standard","meta":{"footnotes":""},"categories":[1],"tags":[],"class_list":["post-5390","post","type-post","status-publish","format-standard","hentry","category-uncategorized"],"_links":{"self":[{"href":"https:\/\/slovenci.rs\/sl\/wp-json\/wp\/v2\/posts\/5390","targetHints":{"allow":["GET"]}}],"collection":[{"href":"https:\/\/slovenci.rs\/sl\/wp-json\/wp\/v2\/posts"}],"about":[{"href":"https:\/\/slovenci.rs\/sl\/wp-json\/wp\/v2\/types\/post"}],"author":[{"embeddable":true,"href":"https:\/\/slovenci.rs\/sl\/wp-json\/wp\/v2\/users\/1"}],"replies":[{"embeddable":true,"href":"https:\/\/slovenci.rs\/sl\/wp-json\/wp\/v2\/comments?post=5390"}],"version-history":[{"count":3,"href":"https:\/\/slovenci.rs\/sl\/wp-json\/wp\/v2\/posts\/5390\/revisions"}],"predecessor-version":[{"id":5394,"href":"https:\/\/slovenci.rs\/sl\/wp-json\/wp\/v2\/posts\/5390\/revisions\/5394"}],"wp:attachment":[{"href":"https:\/\/slovenci.rs\/sl\/wp-json\/wp\/v2\/media?parent=5390"}],"wp:term":[{"taxonomy":"category","embeddable":true,"href":"https:\/\/slovenci.rs\/sl\/wp-json\/wp\/v2\/categories?post=5390"},{"taxonomy":"post_tag","embeddable":true,"href":"https:\/\/slovenci.rs\/sl\/wp-json\/wp\/v2\/tags?post=5390"}],"curies":[{"name":"wp","href":"https:\/\/api.w.org\/{rel}","templated":true}]}}