{"id":5410,"date":"2023-09-26T13:33:39","date_gmt":"2023-09-26T11:33:39","guid":{"rendered":"https:\/\/slovenci.rs\/?p=5410"},"modified":"2023-09-26T13:38:39","modified_gmt":"2023-09-26T11:38:39","slug":"obiski-veleposlanika-slovenije-drustvom-slovencev-v-srbiji","status":"publish","type":"post","link":"https:\/\/slovenci.rs\/sl\/obiski-veleposlanika-slovenije-drustvom-slovencev-v-srbiji\/","title":{"rendered":"Obiski veleposlanika Slovenije dru\u0161tvom Slovencev v Srbiji"},"content":{"rendered":"<p>&nbsp;<\/p>\n<p style=\"text-align: justify;\">Njegova ekselenca gospod Damjan Bergant, veleposlanik Republike Slovenije v Srbiji, je jeseni 2023 nadaljeval z obiski slovenskih dru\u0161tev v Srbiji. Dne, 19.9.2023, je obiskal Slovensko kulturno skupnost Mura v Negotinu. V spremstvu veleposlanika, je bil Sa\u0161a Verbi\u010d predsednik Nacionalnega sveta slovenske narodne manj\u0161ine v Srbiji.<\/p>\n<p style=\"text-align: justify;\">Namen obiska je bil, da se veleposlanik seznani s pogoji \u017eivljenja pripadnikov slovenske skupnosti v mestu Negotin. Na za\u010detku smo obiskali Mestno ob\u010dino Negotin in se pogovarjali z zamestnikom Skup\u0161\u010dine ob\u010dine gospodom Bogdanom Gugi\u0107em o delu in \u017eivljenju pripadnikov slovenske skupnosti v tem kraju ter mo\u017enostih gospodarskega sodelovanja med Slovenijo in mestom Negotin. Sestanka so se udele\u017eili tudi predsednik SKS Mura gospod Miodrag Stankovi\u0107 in \u010dlani SKS Mura. Skupni sklep s sestanka je, da mesto Negotin pomaga delo SKS Mura v okviru svojih mo\u017enosti in da pripadniki slovenske skupnosti s svojim delom doprina\u0161ajo napredku mesta.<\/p>\n<p style=\"text-align: justify;\">Po obisku mestne ob\u010dine Negotin smo se napotili v stomatolo\u0161ko ordinacijo gospe Aleksandre Milosavljevi\u0107, Slovenke po rodu in \u010dlanice SKS Mura. Z drugimi \u010dlani Dru\u0161tva smo se sre\u010dali v knji\u017enici mesta Negotin, kjer obstaja \u201eslovenski knji\u017eni koti\u010dek\u201c. Predsednik Nacionalnega sveta Sa\u0161a Verbi\u010d, je ob tej prilo\u017enosti podaril knji\u017enici knjige sodobnih slovenskih pisatelja.<\/p>\n<p style=\"text-align: justify;\">\n<p style=\"text-align: justify;\">\n<p style=\"text-align: justify;\">Naslednjega dne 20.9.2023, smo obiskali mesto Leskovac, kjer nas je na vhodu v Mestno ob\u010dino Leskovac do\u010dakal \u017eupan gospod dr Goran Cvetanovi\u0107.\u00a0 V pogovoru s gospodom Cvetanovi\u0107em se je njegova ekselenca gospod Damjan Bergant zanimal za \u017eivljenje slovenske skupnosti v tem mestu in mo\u017enostmi gospodarskega sodelovanja med Slovenijo in mestom Leskovac. Med drugim je gospod Cvetanovi\u0107 omenil, da je mesto Leskovac pobrateno z Novim mestom v Sloveniji. Sestanka se je udele\u017eil tudi gospod Sr\u0111an Miti\u0107 predsednik SKS Brata Jenko. Iz Mestne ob\u010dine smo se napotili v Muzej mesta Leskovac, kjer so nas seznanili z zgodovino mesta Leskovac.<\/p>\n<p style=\"text-align: justify;\">S tem smo zaklju\u010dili obisk dru\u0161tvom Slovencev na jugu Srbije.<\/p>\n<p style=\"text-align: justify;\">\n<p style=\"text-align: justify;\">Sa\u0161a Verbi\u010d<\/p>\n<p style=\"text-align: justify;\">\n<p><img loading=\"lazy\" decoding=\"async\" class=\"aligncenter size-large wp-image-5413\" src=\"https:\/\/slovenci.rs\/wp-content\/uploads\/2023\/09\/IMG-c86e328fdce039e381e512b410a909cd-V-1024x768.jpg\" alt=\"\" width=\"720\" height=\"540\" srcset=\"https:\/\/slovenci.rs\/wp-content\/uploads\/2023\/09\/IMG-c86e328fdce039e381e512b410a909cd-V-1024x768.jpg 1024w, https:\/\/slovenci.rs\/wp-content\/uploads\/2023\/09\/IMG-c86e328fdce039e381e512b410a909cd-V-300x225.jpg 300w, https:\/\/slovenci.rs\/wp-content\/uploads\/2023\/09\/IMG-c86e328fdce039e381e512b410a909cd-V-768x576.jpg 768w, https:\/\/slovenci.rs\/wp-content\/uploads\/2023\/09\/IMG-c86e328fdce039e381e512b410a909cd-V-1536x1152.jpg 1536w, https:\/\/slovenci.rs\/wp-content\/uploads\/2023\/09\/IMG-c86e328fdce039e381e512b410a909cd-V-16x12.jpg 16w, https:\/\/slovenci.rs\/wp-content\/uploads\/2023\/09\/IMG-c86e328fdce039e381e512b410a909cd-V.jpg 1600w\" sizes=\"auto, (max-width: 720px) 100vw, 720px\" \/><\/p>\n<p>&nbsp;<\/p>\n<p><img loading=\"lazy\" decoding=\"async\" class=\"aligncenter size-large wp-image-5414\" src=\"https:\/\/slovenci.rs\/wp-content\/uploads\/2023\/09\/IMG-70eefda9bc6a1455201580a7c3a5106d-V-768x1024.jpg\" alt=\"\" width=\"720\" height=\"960\" srcset=\"https:\/\/slovenci.rs\/wp-content\/uploads\/2023\/09\/IMG-70eefda9bc6a1455201580a7c3a5106d-V-768x1024.jpg 768w, https:\/\/slovenci.rs\/wp-content\/uploads\/2023\/09\/IMG-70eefda9bc6a1455201580a7c3a5106d-V-225x300.jpg 225w, https:\/\/slovenci.rs\/wp-content\/uploads\/2023\/09\/IMG-70eefda9bc6a1455201580a7c3a5106d-V-1152x1536.jpg 1152w, https:\/\/slovenci.rs\/wp-content\/uploads\/2023\/09\/IMG-70eefda9bc6a1455201580a7c3a5106d-V-9x12.jpg 9w, https:\/\/slovenci.rs\/wp-content\/uploads\/2023\/09\/IMG-70eefda9bc6a1455201580a7c3a5106d-V.jpg 1200w\" sizes=\"auto, (max-width: 720px) 100vw, 720px\" \/><\/p>\n<p>&nbsp;<\/p>\n<p><img loading=\"lazy\" decoding=\"async\" class=\"aligncenter size-large wp-image-5415\" src=\"https:\/\/slovenci.rs\/wp-content\/uploads\/2023\/09\/IMG-87c414cc290e35d583f071c2ce7f01fc-V-768x1024.jpg\" alt=\"\" width=\"720\" height=\"960\" srcset=\"https:\/\/slovenci.rs\/wp-content\/uploads\/2023\/09\/IMG-87c414cc290e35d583f071c2ce7f01fc-V-768x1024.jpg 768w, https:\/\/slovenci.rs\/wp-content\/uploads\/2023\/09\/IMG-87c414cc290e35d583f071c2ce7f01fc-V-225x300.jpg 225w, https:\/\/slovenci.rs\/wp-content\/uploads\/2023\/09\/IMG-87c414cc290e35d583f071c2ce7f01fc-V-1152x1536.jpg 1152w, https:\/\/slovenci.rs\/wp-content\/uploads\/2023\/09\/IMG-87c414cc290e35d583f071c2ce7f01fc-V-9x12.jpg 9w, https:\/\/slovenci.rs\/wp-content\/uploads\/2023\/09\/IMG-87c414cc290e35d583f071c2ce7f01fc-V.jpg 1200w\" sizes=\"auto, (max-width: 720px) 100vw, 720px\" \/><\/p>\n<p>&nbsp;<\/p>\n<p><img loading=\"lazy\" decoding=\"async\" class=\"aligncenter size-full wp-image-5416\" src=\"https:\/\/slovenci.rs\/wp-content\/uploads\/2023\/09\/Leskovac.jpg\" alt=\"\" width=\"828\" height=\"832\" srcset=\"https:\/\/slovenci.rs\/wp-content\/uploads\/2023\/09\/Leskovac.jpg 828w, https:\/\/slovenci.rs\/wp-content\/uploads\/2023\/09\/Leskovac-300x300.jpg 300w, https:\/\/slovenci.rs\/wp-content\/uploads\/2023\/09\/Leskovac-150x150.jpg 150w, https:\/\/slovenci.rs\/wp-content\/uploads\/2023\/09\/Leskovac-768x772.jpg 768w, https:\/\/slovenci.rs\/wp-content\/uploads\/2023\/09\/Leskovac-12x12.jpg 12w\" sizes=\"auto, (max-width: 828px) 100vw, 828px\" \/><\/p>\n<p>&nbsp;<\/p>\n<p><img loading=\"lazy\" decoding=\"async\" class=\"aligncenter size-full wp-image-5417\" src=\"https:\/\/slovenci.rs\/wp-content\/uploads\/2023\/09\/Leskovac-2.jpg\" alt=\"\" width=\"1024\" height=\"768\" srcset=\"https:\/\/slovenci.rs\/wp-content\/uploads\/2023\/09\/Leskovac-2.jpg 1024w, https:\/\/slovenci.rs\/wp-content\/uploads\/2023\/09\/Leskovac-2-300x225.jpg 300w, https:\/\/slovenci.rs\/wp-content\/uploads\/2023\/09\/Leskovac-2-768x576.jpg 768w, https:\/\/slovenci.rs\/wp-content\/uploads\/2023\/09\/Leskovac-2-16x12.jpg 16w\" sizes=\"auto, (max-width: 1024px) 100vw, 1024px\" \/><\/p>","protected":false},"excerpt":{"rendered":"<p>&nbsp; Njegova ekselenca gospod Damjan Bergant, veleposlanik Republike Slovenije v Srbiji, je jeseni 2023 nadaljeval z obiski slovenskih dru\u0161tev v Srbiji. Dne, 19.9.2023, je obiskal Slovensko kulturno skupnost Mura v Negotinu. V spremstvu veleposlanika, je bil Sa\u0161a Verbi\u010d predsednik Nacionalnega sveta slovenske narodne manj\u0161ine v Srbiji. Namen obiska je bil, da se veleposlanik seznani s [&hellip;]<\/p>\n","protected":false},"author":1,"featured_media":0,"comment_status":"closed","ping_status":"closed","sticky":false,"template":"","format":"standard","meta":{"footnotes":""},"categories":[1],"tags":[],"class_list":["post-5410","post","type-post","status-publish","format-standard","hentry","category-uncategorized"],"_links":{"self":[{"href":"https:\/\/slovenci.rs\/sl\/wp-json\/wp\/v2\/posts\/5410","targetHints":{"allow":["GET"]}}],"collection":[{"href":"https:\/\/slovenci.rs\/sl\/wp-json\/wp\/v2\/posts"}],"about":[{"href":"https:\/\/slovenci.rs\/sl\/wp-json\/wp\/v2\/types\/post"}],"author":[{"embeddable":true,"href":"https:\/\/slovenci.rs\/sl\/wp-json\/wp\/v2\/users\/1"}],"replies":[{"embeddable":true,"href":"https:\/\/slovenci.rs\/sl\/wp-json\/wp\/v2\/comments?post=5410"}],"version-history":[{"count":4,"href":"https:\/\/slovenci.rs\/sl\/wp-json\/wp\/v2\/posts\/5410\/revisions"}],"predecessor-version":[{"id":5419,"href":"https:\/\/slovenci.rs\/sl\/wp-json\/wp\/v2\/posts\/5410\/revisions\/5419"}],"wp:attachment":[{"href":"https:\/\/slovenci.rs\/sl\/wp-json\/wp\/v2\/media?parent=5410"}],"wp:term":[{"taxonomy":"category","embeddable":true,"href":"https:\/\/slovenci.rs\/sl\/wp-json\/wp\/v2\/categories?post=5410"},{"taxonomy":"post_tag","embeddable":true,"href":"https:\/\/slovenci.rs\/sl\/wp-json\/wp\/v2\/tags?post=5410"}],"curies":[{"name":"wp","href":"https:\/\/api.w.org\/{rel}","templated":true}]}}