{"id":5595,"date":"2024-06-13T14:14:34","date_gmt":"2024-06-13T12:14:34","guid":{"rendered":"https:\/\/slovenci.rs\/?p=5595"},"modified":"2024-06-13T14:24:07","modified_gmt":"2024-06-13T12:24:07","slug":"poseta-predstavnika-vijeca-nacionalnih-manjina-bosne-i-hercegovine-i-predstavnika-ministarstva-za-ljudska-prava-i-izbeglice-bosne-i-hercegovine-nacionalnom-savetu-slovenacke-nacionalne-manjine","status":"publish","type":"post","link":"https:\/\/slovenci.rs\/sl\/poseta-predstavnika-vijeca-nacionalnih-manjina-bosne-i-hercegovine-i-predstavnika-ministarstva-za-ljudska-prava-i-izbeglice-bosne-i-hercegovine-nacionalnom-savetu-slovenacke-nacionalne-manjine\/","title":{"rendered":"Poseta predstavnika Vije\u0107a nacionalnih manjina Bosne i Hercegovine i predstavnika Ministarstva za ljudska prava i izbeglice Bosne i Hercegovine Nacionalnom savetu slovena\u010dke nacionalne manjine"},"content":{"rendered":"<p>&nbsp;<\/p>\n<p style=\"text-align: justify;\">Misija OEBS-a u BIH u saradnji sa misijom OEBS-a u Srbiji organizovala je studijsku posetu predstavnika Vije\u0107a nacionalnih manjina BiH i predstavnika Ministarstva za ljudska prava i izbeglice BiH Srbiji.<\/p>\n<p style=\"text-align: justify;\">Cilj ove posete je da se\u00a0 susretima sa nacionalnim savetima nacionalnih manjina u Srbiji razmene informacije i bli\u017ee se upoznaju sa dobrim praksama i iskustvima, kao i da se unapredi regionalna saradnja izme\u0111u BiH i Republike Srbije.<\/p>\n<p style=\"text-align: justify;\">Amela Tandara iz Misije OEBS-a u BiH je na po\u010detku sastanka predstavila \u010dlanove njihove delegacije:<\/p>\n<p style=\"text-align: justify;\">Gdin\u00a0Kemo Sara\u010d, pomo\u0107nik Ministra, Ministarstvo za ljudska prava i izbjeglice BIH<\/p>\n<p style=\"text-align: justify;\">Gdin\u00a0Davor\u00a0Ebner, \u010dlan Vije\u0107a nacionalnih manjina BiH,<\/p>\n<p style=\"text-align: justify;\">Gdin\u00a0Franjo Rover, \u010dlan Vije\u0107a nacionalnih manjina BiH<\/p>\n<p style=\"text-align: justify;\">Zatim je predstavnik Ministarstva za ljudska prava i izbeglice Kemo Sara\u010d govorio o ciljevima njihove posete i izazovima sa kojima se susre\u0107u u svom radu.<\/p>\n<p style=\"text-align: justify;\">Sa\u0161a Verbi\u010d, predsednik NS slovena\u010dke nacionalne manjine je predstavio prisutne \u010dlanove NS i upoznao goste sa ulogom i aktivnostima NS u Srbiji.<\/p>\n<p style=\"text-align: justify;\">On je izneo iskustva i dobru praksu u radu NS kada je u pitanju promocija i afirmacija slovena\u010dke zajednice u Srbiji. Naglasio je da pripadnici slovena\u010dke zajednice u Srbiji nisu imali do sada ni jedan slu\u010daj diskriminacije.<\/p>\n<p style=\"text-align: justify;\">Konstatovano je da kada je demografska slika u pitanju tu delimo sliku ve\u0107inskog srpskog naroda, tj. i nas je sve manje \u0161to je potvrdio i poslednji popis.<\/p>\n<p style=\"text-align: justify;\">Gosti su na kraju posete zahvalili na gostoprimistvu i razmeni iskustava.<\/p>\n<p style=\"text-align: justify;\">Sa\u0161a Verbi\u010d, predsednik NS<\/p>\n<p>&nbsp;<\/p>\n<p><img loading=\"lazy\" decoding=\"async\" class=\"aligncenter size-large wp-image-5596\" src=\"https:\/\/slovenci.rs\/wp-content\/uploads\/2024\/06\/20240611_143726-461x1024.jpg\" alt=\"\" width=\"461\" height=\"1024\" srcset=\"https:\/\/slovenci.rs\/wp-content\/uploads\/2024\/06\/20240611_143726-461x1024.jpg 461w, https:\/\/slovenci.rs\/wp-content\/uploads\/2024\/06\/20240611_143726-135x300.jpg 135w, https:\/\/slovenci.rs\/wp-content\/uploads\/2024\/06\/20240611_143726-768x1708.jpg 768w, https:\/\/slovenci.rs\/wp-content\/uploads\/2024\/06\/20240611_143726-691x1536.jpg 691w, https:\/\/slovenci.rs\/wp-content\/uploads\/2024\/06\/20240611_143726-921x2048.jpg 921w, https:\/\/slovenci.rs\/wp-content\/uploads\/2024\/06\/20240611_143726-5x12.jpg 5w, https:\/\/slovenci.rs\/wp-content\/uploads\/2024\/06\/20240611_143726-scaled.jpg 1151w\" sizes=\"auto, (max-width: 461px) 100vw, 461px\" \/><\/p>","protected":false},"excerpt":{"rendered":"<p>&nbsp; Misija OEBS-a u BIH u saradnji sa misijom OEBS-a u Srbiji organizovala je studijsku posetu predstavnika Vije\u0107a nacionalnih manjina BiH i predstavnika Ministarstva za ljudska prava i izbeglice BiH Srbiji. Cilj ove posete je da se\u00a0 susretima sa nacionalnim savetima nacionalnih manjina u Srbiji razmene informacije i bli\u017ee se upoznaju sa dobrim praksama i [&hellip;]<\/p>\n","protected":false},"author":1,"featured_media":0,"comment_status":"closed","ping_status":"closed","sticky":false,"template":"","format":"standard","meta":{"footnotes":""},"categories":[1],"tags":[],"class_list":["post-5595","post","type-post","status-publish","format-standard","hentry","category-uncategorized"],"_links":{"self":[{"href":"https:\/\/slovenci.rs\/sl\/wp-json\/wp\/v2\/posts\/5595","targetHints":{"allow":["GET"]}}],"collection":[{"href":"https:\/\/slovenci.rs\/sl\/wp-json\/wp\/v2\/posts"}],"about":[{"href":"https:\/\/slovenci.rs\/sl\/wp-json\/wp\/v2\/types\/post"}],"author":[{"embeddable":true,"href":"https:\/\/slovenci.rs\/sl\/wp-json\/wp\/v2\/users\/1"}],"replies":[{"embeddable":true,"href":"https:\/\/slovenci.rs\/sl\/wp-json\/wp\/v2\/comments?post=5595"}],"version-history":[{"count":2,"href":"https:\/\/slovenci.rs\/sl\/wp-json\/wp\/v2\/posts\/5595\/revisions"}],"predecessor-version":[{"id":5598,"href":"https:\/\/slovenci.rs\/sl\/wp-json\/wp\/v2\/posts\/5595\/revisions\/5598"}],"wp:attachment":[{"href":"https:\/\/slovenci.rs\/sl\/wp-json\/wp\/v2\/media?parent=5595"}],"wp:term":[{"taxonomy":"category","embeddable":true,"href":"https:\/\/slovenci.rs\/sl\/wp-json\/wp\/v2\/categories?post=5595"},{"taxonomy":"post_tag","embeddable":true,"href":"https:\/\/slovenci.rs\/sl\/wp-json\/wp\/v2\/tags?post=5595"}],"curies":[{"name":"wp","href":"https:\/\/api.w.org\/{rel}","templated":true}]}}