{"id":5600,"date":"2024-08-12T13:08:06","date_gmt":"2024-08-12T11:08:06","guid":{"rendered":"https:\/\/slovenci.rs\/?p=5600"},"modified":"2024-08-12T13:21:45","modified_gmt":"2024-08-12T11:21:45","slug":"odrzana-13-sednica-saveta-za-nacionalne-manjine","status":"publish","type":"post","link":"https:\/\/slovenci.rs\/sl\/odrzana-13-sednica-saveta-za-nacionalne-manjine\/","title":{"rendered":"Odr\u017eana 13. sednica Saveta za nacionalne manjine"},"content":{"rendered":"<p>&nbsp;<\/p>\n<p style=\"text-align: justify;\">Pre po\u010detka 13. sednice Saveta za nacionalne manjine odr\u017eana je, u istom prostoru, sednica Koordinacije saveta nacionalnih manjina. Sednicom Koordinacije je predsedavao Dalibor Naki\u0107, predsednik Nacionalnog saveta Roma, koji je vodio Koordinaciju prethodnih godinu dana. Dalibor Naki\u0107 je prezentovao izve\u0161taj o radu Koordinacije u prethodnom periodu. Na sednici je izvr\u0161ena i primopredaja du\u017enosti predsedavaju\u0107eg Koordinacijom nacionalnih saveta. Hrvatsko nacionalno vije\u0107e \u0107e voditi Koordinaciju u narednih godinu dana. Jasna Vojni\u0107, predsednica Hrvatskog nacionalnog vije\u0107a je zahvalila na jednoglasnoj podr\u0161\u0107i HNV za predsedavaju\u0107eg Koordinacijom i odmah najavila narednu sednicu ve\u0107 za septembar 2024. godine. Za podpredsednicu je izabrana dr Suzana Kujund\u017ei\u0107 Ostoji\u0107 predsednica Bunjeva\u010dkog nacionalnog vije\u0107a. Tako\u0111e, na sednici Koordinacije jednoglasno je usvojen predlog programa za dodelu sredstava iz Bud\u017eetskog fonda za nacionalne manjine.<\/p>\n<p style=\"text-align: justify;\">Sednici Koordinacije saveta nacionalnih manjina, kao i 13. sednici Saveta za nacionalne manjine prisustvovao je Sa\u0161a Verbi\u010d, predsednik Nacionalnog saveta slovena\u010dke nacionalne manjine.<\/p>\n<p style=\"text-align: justify;\"><strong>Prilog<\/strong>: Saop\u0161tenje Ministarstva za ljudska i manjinska prava i dru\u0161tveni dijalog povodom 13. sednice Saveta za nacionalne manjine<\/p>\n<p style=\"text-align: justify;\">U Palati Srbija je 7. avgusta 2024. godine odr\u017eana trinaesta po redu sednica Saveta za nacionalne manjine kojom je predsedavao ministar za ljudska i manjinska prava i dru\u0161tveni dijalog Tomislav \u017digmanov, zamenik predsednika Saveta, a sednici su prisustvovali i predstavnici svih nacionalnih saveta nacionalnih manjina i resornih dr\u017eavnih organa koji su \u010dlanovi Saveta.<\/p>\n<p style=\"text-align: justify;\">Ministar \u017digmanov je u uvodnom obra\u0107anju ukazao na aktivnosti Ministarstva za ljudska i manjinska prava i dru\u0161tveni dijalog koje se preduzimaju i koje se planiraju u narednom periodu u oblasti unapre\u0111enja polo\u017eaja i prava pripadnika nacionalnih manjina. Istakao je da \u0107e Ministarstvo nastaviti saradnju sa svim organima vlasti koji su zadu\u017eeni za pitanja od zna\u010daja za nacionalne manjine, te da \u0107e i nadalje graditi partnerske odnose sa nacionalnim savetima nacionalnih manjina kao i da je Ministarstvo adresa za re\u0161avanje svih izazova sa kojim se u svom radu susre\u0107u nacionalni saveti.<\/p>\n<p style=\"text-align: justify;\">Jedna od klju\u010dnih tema sednice bila je potvr\u0111ivanje predloga nacionalnih simbola i praznika bo\u0161nja\u010dke, goranske, nema\u010dke, romske, slovena\u010dke, ukrajinske i \u010de\u0161ke nacionalne manjine i ovi predlozi su jednoglasno usvojeni.<\/p>\n<p style=\"text-align: justify;\">Tako\u0111e, na sednici Saveta za nacionalne manjine jednoglasno je usvojen predlog programa za dodelu sredstava iz Bud\u017eetskog fonda za nacionalne manjine za koji su sredstva obezbe\u0111enja Zakonom o bud\u017eetu Republike Srbije i iznose 30.000.000,00 dinara. Ova sredstva \u0107e biti dodeljena putem javnog konkursa koji \u0107e uslovno raspisati Ministartsvo.<\/p>\n<p style=\"text-align: justify;\">Prema predlogu programa za dodelu sredstava predvi\u0111eno je da je kultura prioritetna oblast finansiranja programa i projekata za 2024. godinu, \u010dime se potvr\u0111uje opredeljenje Vlade Republike Srbije da nastavi rad na unapre\u0111enju i razvoju kulturnih praksi nacionalnih manjina u Republici Srbiji.<\/p>\n<p style=\"text-align: justify;\"><a href=\"https:\/\/minljmpdd.gov.rs\/odrzana-sednica-saveta-za-nacionalne-manjine\/\">https:\/\/minljmpdd.gov.rs\/odrzana-sednica-saveta-za-nacionalne-manjine\/<\/a><\/p>\n<p>&nbsp;<\/p>\n<p><img loading=\"lazy\" decoding=\"async\" class=\"aligncenter size-full wp-image-5604\" src=\"https:\/\/slovenci.rs\/wp-content\/uploads\/2024\/08\/nacionalni_savet_palata_srbije_2.jpg\" alt=\"\" width=\"826\" height=\"546\" srcset=\"https:\/\/slovenci.rs\/wp-content\/uploads\/2024\/08\/nacionalni_savet_palata_srbije_2.jpg 826w, https:\/\/slovenci.rs\/wp-content\/uploads\/2024\/08\/nacionalni_savet_palata_srbije_2-300x198.jpg 300w, https:\/\/slovenci.rs\/wp-content\/uploads\/2024\/08\/nacionalni_savet_palata_srbije_2-768x508.jpg 768w, https:\/\/slovenci.rs\/wp-content\/uploads\/2024\/08\/nacionalni_savet_palata_srbije_2-18x12.jpg 18w\" sizes=\"auto, (max-width: 826px) 100vw, 826px\" \/><\/p>\n<p><img loading=\"lazy\" decoding=\"async\" class=\"aligncenter size-full wp-image-5603\" src=\"https:\/\/slovenci.rs\/wp-content\/uploads\/2024\/08\/nacionalni_savet_palata_srbije_1.jpg\" alt=\"\" width=\"828\" height=\"552\" srcset=\"https:\/\/slovenci.rs\/wp-content\/uploads\/2024\/08\/nacionalni_savet_palata_srbije_1.jpg 828w, https:\/\/slovenci.rs\/wp-content\/uploads\/2024\/08\/nacionalni_savet_palata_srbije_1-300x200.jpg 300w, https:\/\/slovenci.rs\/wp-content\/uploads\/2024\/08\/nacionalni_savet_palata_srbije_1-768x512.jpg 768w, https:\/\/slovenci.rs\/wp-content\/uploads\/2024\/08\/nacionalni_savet_palata_srbije_1-18x12.jpg 18w, https:\/\/slovenci.rs\/wp-content\/uploads\/2024\/08\/nacionalni_savet_palata_srbije_1-272x182.jpg 272w\" sizes=\"auto, (max-width: 828px) 100vw, 828px\" \/><\/p>\n<p>&nbsp;<\/p>\n<p>&nbsp;<\/p>\n<p><img loading=\"lazy\" decoding=\"async\" class=\"aligncenter size-large wp-image-5605\" src=\"https:\/\/slovenci.rs\/wp-content\/uploads\/2024\/08\/Savet-nacionalnih-manjina-naslovna-1024x768.jpg\" alt=\"\" width=\"720\" height=\"540\" srcset=\"https:\/\/slovenci.rs\/wp-content\/uploads\/2024\/08\/Savet-nacionalnih-manjina-naslovna-1024x768.jpg 1024w, https:\/\/slovenci.rs\/wp-content\/uploads\/2024\/08\/Savet-nacionalnih-manjina-naslovna-300x225.jpg 300w, https:\/\/slovenci.rs\/wp-content\/uploads\/2024\/08\/Savet-nacionalnih-manjina-naslovna-768x576.jpg 768w, https:\/\/slovenci.rs\/wp-content\/uploads\/2024\/08\/Savet-nacionalnih-manjina-naslovna-1536x1152.jpg 1536w, https:\/\/slovenci.rs\/wp-content\/uploads\/2024\/08\/Savet-nacionalnih-manjina-naslovna-16x12.jpg 16w, https:\/\/slovenci.rs\/wp-content\/uploads\/2024\/08\/Savet-nacionalnih-manjina-naslovna.jpg 1600w\" sizes=\"auto, (max-width: 720px) 100vw, 720px\" \/><\/p>","protected":false},"excerpt":{"rendered":"<p>&nbsp; Pre po\u010detka 13. sednice Saveta za nacionalne manjine odr\u017eana je, u istom prostoru, sednica Koordinacije saveta nacionalnih manjina. Sednicom Koordinacije je predsedavao Dalibor Naki\u0107, predsednik Nacionalnog saveta Roma, koji je vodio Koordinaciju prethodnih godinu dana. Dalibor Naki\u0107 je prezentovao izve\u0161taj o radu Koordinacije u prethodnom periodu. Na sednici je izvr\u0161ena i primopredaja du\u017enosti predsedavaju\u0107eg [&hellip;]<\/p>\n","protected":false},"author":1,"featured_media":0,"comment_status":"closed","ping_status":"closed","sticky":false,"template":"","format":"standard","meta":{"footnotes":""},"categories":[1],"tags":[],"class_list":["post-5600","post","type-post","status-publish","format-standard","hentry","category-uncategorized"],"_links":{"self":[{"href":"https:\/\/slovenci.rs\/sl\/wp-json\/wp\/v2\/posts\/5600","targetHints":{"allow":["GET"]}}],"collection":[{"href":"https:\/\/slovenci.rs\/sl\/wp-json\/wp\/v2\/posts"}],"about":[{"href":"https:\/\/slovenci.rs\/sl\/wp-json\/wp\/v2\/types\/post"}],"author":[{"embeddable":true,"href":"https:\/\/slovenci.rs\/sl\/wp-json\/wp\/v2\/users\/1"}],"replies":[{"embeddable":true,"href":"https:\/\/slovenci.rs\/sl\/wp-json\/wp\/v2\/comments?post=5600"}],"version-history":[{"count":5,"href":"https:\/\/slovenci.rs\/sl\/wp-json\/wp\/v2\/posts\/5600\/revisions"}],"predecessor-version":[{"id":5608,"href":"https:\/\/slovenci.rs\/sl\/wp-json\/wp\/v2\/posts\/5600\/revisions\/5608"}],"wp:attachment":[{"href":"https:\/\/slovenci.rs\/sl\/wp-json\/wp\/v2\/media?parent=5600"}],"wp:term":[{"taxonomy":"category","embeddable":true,"href":"https:\/\/slovenci.rs\/sl\/wp-json\/wp\/v2\/categories?post=5600"},{"taxonomy":"post_tag","embeddable":true,"href":"https:\/\/slovenci.rs\/sl\/wp-json\/wp\/v2\/tags?post=5600"}],"curies":[{"name":"wp","href":"https:\/\/api.w.org\/{rel}","templated":true}]}}