{"id":667,"date":"2012-09-26T03:43:30","date_gmt":"2012-09-26T01:43:30","guid":{"rendered":"https:\/\/slovenci.rs\/?p=667"},"modified":"2012-09-26T03:43:30","modified_gmt":"2012-09-26T01:43:30","slug":"konkurs-nacionalnog-saveta-2","status":"publish","type":"post","link":"https:\/\/slovenci.rs\/sl\/konkurs-nacionalnog-saveta-2\/","title":{"rendered":"KONKURS NACIONALNOG SAVETA"},"content":{"rendered":"<p align=\"center\"><strong>PRIVREMENI ORGAN UPRAVLJANJA <\/strong><\/p>\n<p align=\"center\"><strong>NACIONALNOG SAVETA SLOVENA\u010cKE NACIONALNE MANJINE<\/strong><\/p>\n<p>&nbsp;<\/p>\n<p>na osnovu \u010dlana 3. Pravilnika o finansiranju i sufinansiranju projekata i programa u oblasti obrazovanja, kulture, informisanja i slu\u017ebene upotrebe jezika i pisma slovena\u010dke nacionalne manjine, raspisuje<\/p>\n<p>&nbsp;<\/p>\n<p>&nbsp;<\/p>\n<p align=\"center\"><strong>K O N K U R S<\/strong><\/p>\n<p>&nbsp;<\/p>\n<p align=\"center\"><strong>za finansiranje i sufinansiranje programa u oblasti kulturnog stvarala\u0161tva,<\/strong><\/p>\n<p align=\"center\"><strong>obrazovanja,\u00a0 informisanja i slu\u017ebene upotrebe jezika i pisma slovena\u010dke nacionalne manjine na ukupan iznos od 700.000,00 din<\/strong><\/p>\n<p>&nbsp;<\/p>\n<p>&nbsp;<\/p>\n<p align=\"center\"><strong>I<\/strong><\/p>\n<p>Predmet konkursa je <strong>finansiranje i sufinansiranje<\/strong> <strong>programa<\/strong> u oblasti kulturnog stvarala\u0161tva, obrazovanja, informisanja i slu\u017ebene upotrebe jezika i pisma pripadnika slovena\u010dke nacionalne manjine koji \u017eive na teritoriji Republike Srbije.<\/p>\n<p>&nbsp;<\/p>\n<p>Prednost imaju programi koji predstavljaju inovaciju na podru\u010dju kulture, obrazovanja, informisanja i slu\u017ebene upotrebe jezika i pisma slovena\u010dke nacionalne manjine u Srbiji.<\/p>\n<p>&nbsp;<\/p>\n<p align=\"center\"><strong>II<\/strong><\/p>\n<p>Pravo u\u010de\u0161\u0107a na konkursu imaju pravna lica registrovana na teritoriji Republike Srbije i fizi\u010dka lica u saradnji sa pravnim licima, ili fizi\u010dka lica samostalno.<\/p>\n<p>U\u010desnik konkursa mo\u017ee aplicirati sa vi\u0161e programa.<\/p>\n<p>&nbsp;<\/p>\n<p align=\"center\"><strong>III<\/strong><\/p>\n<p>Konkursna prijava za svaki pojedini program treba da sadr\u017ei:<\/p>\n<p>\u2022\u00a0\u00a0\u00a0\u00a0\u00a0\u00a0\u00a0 Popunjeni obrazac (u prilogu);<\/p>\n<p>\u2022\u00a0\u00a0\u00a0\u00a0\u00a0\u00a0\u00a0 Detaljno razra\u0111en opis projekta;<\/p>\n<p>\u2022\u00a0\u00a0\u00a0\u00a0\u00a0\u00a0\u00a0 Detaljnu specifikaciju tro\u0161kova;<\/p>\n<p>\u2022\u00a0\u00a0\u00a0\u00a0\u00a0\u00a0\u00a0 Podatke o pravnom licu koje podnosi prijavu (u slu\u010daju kada prijavu podnosi fizi\u010dko lice, ili vi\u0161e njih, dostaviti profesionalnu biografiju \u2013 za svakoga ponaosob)<\/p>\n<p>\u2022\u00a0\u00a0\u00a0\u00a0\u00a0\u00a0\u00a0 Pismena preporuka najmanje jedne osobe koja program preporu\u010duje, merodavne u oblasti za koju se podnosi prijava, a da je u zvanju ne ni\u017eem od autora programa.<em><\/em><\/p>\n<p>\u2022\u00a0\u00a0\u00a0\u00a0\u00a0\u00a0\u00a0 Dokument o pravnom statusu u kome \u0107e naro\u010dito biti navedeni:<\/p>\n<p>Poresko identifikacioni broj (PIB)<\/p>\n<p>Mati\u010dni broj<\/p>\n<p>Ovla\u0161\u0107eno lice<\/p>\n<p align=\"center\"><strong>IV<\/strong><\/p>\n<p>Prijave na konkurs podnose se na obrascima prijave na konkurs za finansiranje ili sufinansiranje programa.<\/p>\n<p>Postoje dve razli\u010dite prijave za pravna lica i za fizi\u010dka lica.<\/p>\n<p>Prijava sa potrebnim prilozima se podnosi u jednom potpisanom i pe\u010datiranom originalnom primerku i u jednoj fotokopiji.<\/p>\n<p>U slu\u010daju da fizi\u010dko lice podnosi prijavu na konkurs u saradnji sa pravnim licem popunjava se obrazac za prijavu pravnih lica.<\/p>\n<p>Prijava projekta se dostavlja isklju\u010divo preporu\u010denom po\u0161tanskom po\u0161iljkom ili li\u010dno na adresu:<\/p>\n<p>&nbsp;<\/p>\n<p><strong>PRIVREMENI ORGAN UPRAVLJANJA <\/strong><\/p>\n<p><strong>NACIONALNOG SAVETA SLOVENA\u010cKE NACIONALNE MANJINE<\/strong><\/p>\n<p><strong>Terazije br. 3\/IX <\/strong>\u00a011000 Beograd. sa naznakom KONKURSNA PRIJAVA<\/p>\n<p>&nbsp;<\/p>\n<p align=\"center\"><strong>V<\/strong><\/p>\n<p>Rok za podno\u0161enje konkursnih prijava je\u00a0 25.10.2012<em>.<\/em> godine.<\/p>\n<p>&nbsp;<\/p>\n<p>Neblagovremene prijave i nepotpuna dokumentacija ne\u0107e biti uzeti u razmatranje.<\/p>\n<p>&nbsp;<\/p>\n<p>&nbsp;<\/p>\n<p align=\"center\"><strong>VI<\/strong><\/p>\n<p>Pijavljeni program se mora realizovati <em>najkasnije do 31.05.2013<\/em>. godine..<\/p>\n<p>&nbsp;<\/p>\n<p>U roku od 30 dana po zavr\u0161etku programa, Privremenom organu upravljanja Nacionalnog saveta slovena\u010dke nacionalne manjine se dostavlja detaljan sadr\u017einski i finansijski izve\u0161taj uz koji se prila\u017ee kompletna finansijska dokumentacija (ugovori, izvodi, fakture, poreske prijave i dr.)<\/p>\n<p>&nbsp;<\/p>\n<p align=\"center\"><strong>VII<\/strong><\/p>\n<p>Privremeni organ upravljanja Nacionalnog saveta slovena\u010dke nacionalne manjine\u00a0 mo\u017ee da 100% finansira programe \u010dija je vrednost do 150.000,00 din.<\/p>\n<p>&nbsp;<\/p>\n<p>Privremeni organ upravljanja Nacionalnog saveta slovena\u010dke nacionalne manjine\u00a0 sufinansira programe \u010dija je vrednost iznad 150.000,00 din do 80% vrednosti projekta.<\/p>\n<p align=\"center\"><strong>VIII<\/strong><\/p>\n<p>Konkursne prijave \u0107e razmatrati Konkursna komisija Privremenog organa upravljanja Nacionalnog saveta slovena\u010dke nacionalne manjine.<\/p>\n<p>&nbsp;<\/p>\n<p>Konkursna komisija razmatra programe na osnovu slede\u0107ih kriterijuma:<\/p>\n<p>&nbsp;<\/p>\n<p>1)\u00a0\u00a0\u00a0\u00a0\u00a0 obezbe\u0111ivanje uslova za dostupnost kulturnih i drugih vrednosti slovena\u010dke nacionalne manjine gra\u0111anima i omogu\u0107avanje njihovog masovnog kori\u0161\u0107enja;<\/p>\n<p>2)\u00a0\u00a0\u00a0\u00a0\u00a0 afirmacija umetnika slovena\u010dkog porekla koji su stvarali ili jo\u0161 uvek stvaraju u Republici Srbiji;<\/p>\n<p>3) \u00a0\u00a0\u00a0\u00a0 promovisanje kulturnih dostignu\u0107a slovena\u010dke nacionalne manjine u Srbiji i kulture mati\u010dne zemlje u svetu<\/p>\n<p>4)\u00a0\u00a0\u00a0\u00a0\u00a0 podsticanje de\u010dijeg stvarala\u0161tva i stvarala\u0161tva za decu i mlade, koje doprinosi o\u010duvanju identiteta slovena\u010dke nacionalne manjine u Srbiji;<\/p>\n<p>5)\u00a0\u00a0\u00a0\u00a0\u00a0 podsticanje kulturnog i umetni\u010dkog stvarala\u0161tva osoba sa invaliditetom i dostupnost kulturnih sadr\u017eaja osobama sa invaliditetom, koje doprinosi o\u010duvanju identiteta slovena\u010dke nacionalne manjine u Srbiji;<\/p>\n<p>6)\u00a0\u00a0\u00a0\u00a0\u00a0 obezbe\u0111ivanje uslova za ostvarivanje i za\u0161titu kulturnog identiteta slovena\u010dke nacionalne manjine u Republici Srbiji;<\/p>\n<p>7)\u00a0\u00a0\u00a0\u00a0\u00a0 realan finansijski plan i razli\u010diti oblici finansiranja (koprodukcija, partnerstvo i sli\u010dno);<\/p>\n<p>8)\u00a0\u00a0\u00a0\u00a0\u00a0 da je autor, odnosno organizator programa izvr\u0161io svoje obaveze prema u\u010desnicima u dosada\u0161njim projektima\/programima i prema Nacionalnom savetu;<\/p>\n<p>9)\u00a0\u00a0\u00a0\u00a0\u00a0 promocija i razvoj multikulturalnosti.<\/p>\n<p align=\"center\"><strong>\u00a0<\/strong><\/p>\n<p align=\"center\"><strong>IX<\/strong><\/p>\n<p>Na osnovu predloga konkursne komisije, uz mi\u0161ljenje nadle\u017enog odbora, Privremeni organ upravljanja Nacionalnog saveta slovena\u010dke nacionalne manjine \u00a0donosi kona\u010dnu odluku o izboru i finansijskoj potpori programa.<\/p>\n<p>Kona\u010dna odluka Privremenog organa upravljanja Nacionalnog saveta slovena\u010dke nacionalne manjine treba da sadr\u017ei i obrazlo\u017eenje.<\/p>\n<p>U\u010desnici konkursa \u0107e biti obave\u0161teni o rezultatima u roku od 30 dana od zaklju\u010denja konkursa elektronskom i redovnom po\u0161tom.<\/p>\n<p>&nbsp;<\/p>\n<p><a href=\"https:\/\/slovenci.rs\/wp-content\/uploads\/2012\/09\/Obrazac-prijave-za-fizicka-lica.doc\">Obrazac prijave za fizicka lica<\/a><\/p>\n<p><a href=\"https:\/\/slovenci.rs\/wp-content\/uploads\/2012\/09\/Obrazac-prijave-za-pravna-lica.doc\">Obrazac prijave za pravna lica<\/a><\/p>","protected":false},"excerpt":{"rendered":"<p>PRIVREMENI ORGAN UPRAVLJANJA NACIONALNOG SAVETA SLOVENA\u010cKE NACIONALNE MANJINE &nbsp; na osnovu \u010dlana 3. Pravilnika o finansiranju i sufinansiranju projekata i programa u oblasti obrazovanja, kulture, informisanja i slu\u017ebene upotrebe jezika i pisma slovena\u010dke nacionalne manjine, raspisuje &nbsp; &nbsp; K O N K U R S &nbsp; za finansiranje i sufinansiranje programa u oblasti kulturnog stvarala\u0161tva, [&hellip;]<\/p>\n","protected":false},"author":1,"featured_media":0,"comment_status":"closed","ping_status":"closed","sticky":false,"template":"","format":"standard","meta":{"footnotes":""},"categories":[1],"tags":[],"class_list":["post-667","post","type-post","status-publish","format-standard","hentry","category-uncategorized"],"_links":{"self":[{"href":"https:\/\/slovenci.rs\/sl\/wp-json\/wp\/v2\/posts\/667","targetHints":{"allow":["GET"]}}],"collection":[{"href":"https:\/\/slovenci.rs\/sl\/wp-json\/wp\/v2\/posts"}],"about":[{"href":"https:\/\/slovenci.rs\/sl\/wp-json\/wp\/v2\/types\/post"}],"author":[{"embeddable":true,"href":"https:\/\/slovenci.rs\/sl\/wp-json\/wp\/v2\/users\/1"}],"replies":[{"embeddable":true,"href":"https:\/\/slovenci.rs\/sl\/wp-json\/wp\/v2\/comments?post=667"}],"version-history":[{"count":1,"href":"https:\/\/slovenci.rs\/sl\/wp-json\/wp\/v2\/posts\/667\/revisions"}],"predecessor-version":[{"id":670,"href":"https:\/\/slovenci.rs\/sl\/wp-json\/wp\/v2\/posts\/667\/revisions\/670"}],"wp:attachment":[{"href":"https:\/\/slovenci.rs\/sl\/wp-json\/wp\/v2\/media?parent=667"}],"wp:term":[{"taxonomy":"category","embeddable":true,"href":"https:\/\/slovenci.rs\/sl\/wp-json\/wp\/v2\/categories?post=667"},{"taxonomy":"post_tag","embeddable":true,"href":"https:\/\/slovenci.rs\/sl\/wp-json\/wp\/v2\/tags?post=667"}],"curies":[{"name":"wp","href":"https:\/\/api.w.org\/{rel}","templated":true}]}}