{"id":712,"date":"2012-10-24T16:55:10","date_gmt":"2012-10-24T14:55:10","guid":{"rendered":"https:\/\/slovenci.rs\/?p=712"},"modified":"2012-10-24T16:55:54","modified_gmt":"2012-10-24T14:55:54","slug":"kviz-za-otroke-koliko-poznam-naso-slovenijo-v-nisu","status":"publish","type":"post","link":"https:\/\/slovenci.rs\/sl\/kviz-za-otroke-koliko-poznam-naso-slovenijo-v-nisu\/","title":{"rendered":"KVIZ ZA OTROKE &#8222;KOLIKO POZNAM NASO SLOVENIJO&#8220; V NISU"},"content":{"rendered":"<p>Kviz za otroke \u201e Koliko poznamo na\u0161o Slovenijo \u201e se organizira \u017ee \u0161tiri leta zaporedom. Ima potporo Urada vlade Republike Slovenije za slovence v zamejstvu in po svetu.<\/p>\n<p>V\u00a0 treh preteklih\u00a0 letih so na \u00a0kvizu sodelovali otroci\u00a0 iz ve\u010d\u00a0slovenskih kulturnih skupnosti v Srbiji :<\/p>\n<p>&#8211; Subotica, Zrenjanin, Vr\u0161ac, Kragujevac, Kru\u0161evac, \u00a0Novi Sad in Ni\u0161. To leto nam se pridru\u017eijo \u0161e otroci iz Slovenskre kulturne skupnosti \u201e Triglav \u201e Banja Luka iz\u00a0 Republike Srbske .<\/p>\n<p>Autor projekta je tudi letos \u00a0gospod Hederih Darko iz Maribora.<\/p>\n<p>Tema kviza za 2012 leto je \u00a0\u201eDelo in \u0161port \u201e.<\/p>\n<p>Triletne \u00a0isku\u0161nje in pozitivne reakcije sodelovalcev kviza so nam dale pogum in energijo da nadaljujemo s tem projektom in omogo\u010dimo na\u0161im otrokom da se dru\u017eijo\u00a0 in nau\u010dijo nekaj novega o na\u0161i Sloveniji.<\/p>\n<p>&nbsp;<\/p>","protected":false},"excerpt":{"rendered":"<p>Kviz za otroke \u201e Koliko poznamo na\u0161o Slovenijo \u201e se organizira \u017ee \u0161tiri leta zaporedom. Ima potporo Urada vlade Republike Slovenije za slovence v zamejstvu in po svetu. V\u00a0 treh preteklih\u00a0 letih so na \u00a0kvizu sodelovali otroci\u00a0 iz ve\u010d\u00a0slovenskih kulturnih skupnosti v Srbiji : &#8211; Subotica, Zrenjanin, Vr\u0161ac, Kragujevac, Kru\u0161evac, \u00a0Novi Sad in Ni\u0161. To [&hellip;]<\/p>\n","protected":false},"author":1,"featured_media":0,"comment_status":"closed","ping_status":"closed","sticky":false,"template":"","format":"standard","meta":{"footnotes":""},"categories":[1],"tags":[],"class_list":["post-712","post","type-post","status-publish","format-standard","hentry","category-uncategorized"],"_links":{"self":[{"href":"https:\/\/slovenci.rs\/sl\/wp-json\/wp\/v2\/posts\/712","targetHints":{"allow":["GET"]}}],"collection":[{"href":"https:\/\/slovenci.rs\/sl\/wp-json\/wp\/v2\/posts"}],"about":[{"href":"https:\/\/slovenci.rs\/sl\/wp-json\/wp\/v2\/types\/post"}],"author":[{"embeddable":true,"href":"https:\/\/slovenci.rs\/sl\/wp-json\/wp\/v2\/users\/1"}],"replies":[{"embeddable":true,"href":"https:\/\/slovenci.rs\/sl\/wp-json\/wp\/v2\/comments?post=712"}],"version-history":[{"count":2,"href":"https:\/\/slovenci.rs\/sl\/wp-json\/wp\/v2\/posts\/712\/revisions"}],"predecessor-version":[{"id":714,"href":"https:\/\/slovenci.rs\/sl\/wp-json\/wp\/v2\/posts\/712\/revisions\/714"}],"wp:attachment":[{"href":"https:\/\/slovenci.rs\/sl\/wp-json\/wp\/v2\/media?parent=712"}],"wp:term":[{"taxonomy":"category","embeddable":true,"href":"https:\/\/slovenci.rs\/sl\/wp-json\/wp\/v2\/categories?post=712"},{"taxonomy":"post_tag","embeddable":true,"href":"https:\/\/slovenci.rs\/sl\/wp-json\/wp\/v2\/tags?post=712"}],"curies":[{"name":"wp","href":"https:\/\/api.w.org\/{rel}","templated":true}]}}