{"id":715,"date":"2012-10-27T16:02:51","date_gmt":"2012-10-27T14:02:51","guid":{"rendered":"https:\/\/slovenci.rs\/?p=715"},"modified":"2012-10-27T16:05:19","modified_gmt":"2012-10-27T14:05:19","slug":"11-nagradni-natecaj-za-diplomska-magistrska-in-doktorska-dela-na-temo-slovencev-zunaj-meja-rs","status":"publish","type":"post","link":"https:\/\/slovenci.rs\/sl\/11-nagradni-natecaj-za-diplomska-magistrska-in-doktorska-dela-na-temo-slovencev-zunaj-meja-rs\/","title":{"rendered":"11. nagradni nate\u010daj za diplomska, magistrska in doktorska dela na temo Slovencev zunaj meja RS"},"content":{"rendered":"<p><span style=\"font-family: 'Times New Roman'; font-size: small;\">Na Uradu Vlade RS za Slovence v zamejstvu in po svetu smo tudi letos pripravili in objavili Nagradni nate\u010daj za diplomska, magistrska in doktorska dela na temi Slovenci v zamejstvu in Slovenci v izseljenstvu. Tokratni nate\u010daj je \u017ee enajsti po vrsti. Informacije o nate\u010daju smo objavili na spletni strani\u00a0<\/span><a href=\"http:\/\/www.uszs.gov.si\/si\/medijsko_sredisce\/novica\/article\/737\/2671\/425ec8e2c9c452c371e21947797c5fc1\/\" target=\"_blank\"><span style=\"color: blue; font-family: 'Times New Roman'; font-size: small;\">Urada<\/span><\/a><span style=\"font-family: 'Times New Roman'; font-size: small;\">.<\/span><\/p>\n<p><span style=\"font-family: 'Times New Roman'; font-size: small;\">Vljudno vas prosimo, da o nate\u010daju obvestite \u010dlane va\u0161e organizacije ter da besedilo nate\u010daja, ki ga prilagamo v priponki, objavite tudi v va\u0161ih glasilih in spletnih straneh.\u00a0<\/span><\/p>\n<p><span style=\"font-family: 'Times New Roman'; font-size: x-small;\">Tukaj je \u00a0<a href=\"https:\/\/slovenci.rs\/wp-content\/uploads\/2012\/10\/Razpis-2012.doc\">Razpis 2012<\/a><\/span><\/p>","protected":false},"excerpt":{"rendered":"<p>Na Uradu Vlade RS za Slovence v zamejstvu in po svetu smo tudi letos pripravili in objavili Nagradni nate\u010daj za diplomska, magistrska in doktorska dela na temi Slovenci v zamejstvu in Slovenci v izseljenstvu. Tokratni nate\u010daj je \u017ee enajsti po vrsti. Informacije o nate\u010daju smo objavili na spletni strani\u00a0Urada. Vljudno vas prosimo, da o nate\u010daju [&hellip;]<\/p>\n","protected":false},"author":1,"featured_media":0,"comment_status":"closed","ping_status":"closed","sticky":false,"template":"","format":"standard","meta":{"footnotes":""},"categories":[1],"tags":[],"class_list":["post-715","post","type-post","status-publish","format-standard","hentry","category-uncategorized"],"_links":{"self":[{"href":"https:\/\/slovenci.rs\/sl\/wp-json\/wp\/v2\/posts\/715","targetHints":{"allow":["GET"]}}],"collection":[{"href":"https:\/\/slovenci.rs\/sl\/wp-json\/wp\/v2\/posts"}],"about":[{"href":"https:\/\/slovenci.rs\/sl\/wp-json\/wp\/v2\/types\/post"}],"author":[{"embeddable":true,"href":"https:\/\/slovenci.rs\/sl\/wp-json\/wp\/v2\/users\/1"}],"replies":[{"embeddable":true,"href":"https:\/\/slovenci.rs\/sl\/wp-json\/wp\/v2\/comments?post=715"}],"version-history":[{"count":4,"href":"https:\/\/slovenci.rs\/sl\/wp-json\/wp\/v2\/posts\/715\/revisions"}],"predecessor-version":[{"id":720,"href":"https:\/\/slovenci.rs\/sl\/wp-json\/wp\/v2\/posts\/715\/revisions\/720"}],"wp:attachment":[{"href":"https:\/\/slovenci.rs\/sl\/wp-json\/wp\/v2\/media?parent=715"}],"wp:term":[{"taxonomy":"category","embeddable":true,"href":"https:\/\/slovenci.rs\/sl\/wp-json\/wp\/v2\/categories?post=715"},{"taxonomy":"post_tag","embeddable":true,"href":"https:\/\/slovenci.rs\/sl\/wp-json\/wp\/v2\/tags?post=715"}],"curies":[{"name":"wp","href":"https:\/\/api.w.org\/{rel}","templated":true}]}}