{"id":726,"date":"2012-11-01T00:55:29","date_gmt":"2012-10-31T23:55:29","guid":{"rendered":"https:\/\/slovenci.rs\/?p=726"},"modified":"2012-11-01T00:58:17","modified_gmt":"2012-10-31T23:58:17","slug":"vabilo-na-tradicionalni-koncert-v-novem-sadu-2","status":"publish","type":"post","link":"https:\/\/slovenci.rs\/sl\/vabilo-na-tradicionalni-koncert-v-novem-sadu-2\/","title":{"rendered":"Vabilo na tradicionalni koncert v Novem Sadu"},"content":{"rendered":"<p>Dru\u0161tvo Slovencev Kredarica iz Novega Sada vljudno Vas vabi na tradicionalno sre\u010danje Dru\u0161tev Slovencev iz Vojvodine in Srbije na tradicionalnem letnem novembrskem koncertu v Novem Sadu oz. na IX.\u00a0Koncert slovenskih pesmi in poezije.<\/p>\n<p align=\"center\"><strong><span style=\"text-decoration: underline;\">I Z V A J A L C I:<\/span><\/strong><\/p>\n<p align=\"center\">Dru\u0161tvo Slovencev\u00a0<strong>Kredarica<\/strong>, Novi Sad<\/p>\n<p align=\"center\">Dru\u0161tvo Slovencev\u00a0<strong>Planika<\/strong>, Zrenjanin<\/p>\n<p align=\"center\">Dru\u0161tvo Slovencev\u00a0<strong>Sava<\/strong>, Beograd<\/p>\n<p align=\"center\">Slovenska kulturna skupnost\u00a0<strong>France Pre\u0161eren<\/strong>, Ni\u0161<\/p>\n<p align=\"center\">Dru\u0161tvo Slovencev\u00a0<strong>Triglav<\/strong>, Subotica<\/p>\n<p align=\"center\">in<\/p>\n<p align=\"center\"><strong>Baletna \u0161ola<\/strong>, Novi Sad<\/p>\n<p align=\"center\">* * *<\/p>\n<p align=\"center\">\u00a0\u00a0\u00a0 Sreda, 7. november 2012, v novosadski sinagogi, Jevrejska 11<\/p>\n<p align=\"center\">z za\u010detkom ob 20.00 uri<\/p>\n<p align=\"center\"><a href=\"https:\/\/slovenci.rs\/wp-content\/uploads\/2012\/11\/November-2011.jpg\"><img loading=\"lazy\" decoding=\"async\" class=\"alignnone size-medium wp-image-728\" title=\"November 2011\" src=\"https:\/\/slovenci.rs\/wp-content\/uploads\/2012\/11\/November-2011-300x199.jpg\" alt=\"\" width=\"300\" height=\"199\" srcset=\"https:\/\/slovenci.rs\/wp-content\/uploads\/2012\/11\/November-2011-300x199.jpg 300w, https:\/\/slovenci.rs\/wp-content\/uploads\/2012\/11\/November-2011-1024x680.jpg 1024w, https:\/\/slovenci.rs\/wp-content\/uploads\/2012\/11\/November-2011.jpg 1025w\" sizes=\"auto, (max-width: 300px) 100vw, 300px\" \/><\/a><\/p>\n<p align=\"center\">\n<p align=\"center\"><a href=\"https:\/\/slovenci.rs\/wp-content\/uploads\/2012\/11\/November-2011-2.jpg\"><img loading=\"lazy\" decoding=\"async\" class=\"alignnone size-medium wp-image-729\" title=\"November 2011-2\" src=\"https:\/\/slovenci.rs\/wp-content\/uploads\/2012\/11\/November-2011-2-300x199.jpg\" alt=\"\" width=\"300\" height=\"199\" srcset=\"https:\/\/slovenci.rs\/wp-content\/uploads\/2012\/11\/November-2011-2-300x199.jpg 300w, https:\/\/slovenci.rs\/wp-content\/uploads\/2012\/11\/November-2011-2.jpg 1024w\" sizes=\"auto, (max-width: 300px) 100vw, 300px\" \/><\/a><\/p>\n<p align=\"center\">\n<p align=\"center\"><a href=\"https:\/\/slovenci.rs\/wp-content\/uploads\/2012\/11\/November-2011-3.jpg\"><img loading=\"lazy\" decoding=\"async\" class=\"alignnone size-medium wp-image-730\" title=\"November 2011-3\" src=\"https:\/\/slovenci.rs\/wp-content\/uploads\/2012\/11\/November-2011-3-199x300.jpg\" alt=\"\" width=\"199\" height=\"300\" srcset=\"https:\/\/slovenci.rs\/wp-content\/uploads\/2012\/11\/November-2011-3-199x300.jpg 199w, https:\/\/slovenci.rs\/wp-content\/uploads\/2012\/11\/November-2011-3.jpg 680w\" sizes=\"auto, (max-width: 199px) 100vw, 199px\" \/><\/a><\/p>","protected":false},"excerpt":{"rendered":"<p>Dru\u0161tvo Slovencev Kredarica iz Novega Sada vljudno Vas vabi na tradicionalno sre\u010danje Dru\u0161tev Slovencev iz Vojvodine in Srbije na tradicionalnem letnem novembrskem koncertu v Novem Sadu oz. na IX.\u00a0Koncert slovenskih pesmi in poezije. I Z V A J A L C I: Dru\u0161tvo Slovencev\u00a0Kredarica, Novi Sad Dru\u0161tvo Slovencev\u00a0Planika, Zrenjanin Dru\u0161tvo Slovencev\u00a0Sava, Beograd Slovenska kulturna skupnost\u00a0France [&hellip;]<\/p>\n","protected":false},"author":1,"featured_media":0,"comment_status":"closed","ping_status":"closed","sticky":false,"template":"","format":"standard","meta":{"footnotes":""},"categories":[1],"tags":[],"class_list":["post-726","post","type-post","status-publish","format-standard","hentry","category-uncategorized"],"_links":{"self":[{"href":"https:\/\/slovenci.rs\/sl\/wp-json\/wp\/v2\/posts\/726","targetHints":{"allow":["GET"]}}],"collection":[{"href":"https:\/\/slovenci.rs\/sl\/wp-json\/wp\/v2\/posts"}],"about":[{"href":"https:\/\/slovenci.rs\/sl\/wp-json\/wp\/v2\/types\/post"}],"author":[{"embeddable":true,"href":"https:\/\/slovenci.rs\/sl\/wp-json\/wp\/v2\/users\/1"}],"replies":[{"embeddable":true,"href":"https:\/\/slovenci.rs\/sl\/wp-json\/wp\/v2\/comments?post=726"}],"version-history":[{"count":2,"href":"https:\/\/slovenci.rs\/sl\/wp-json\/wp\/v2\/posts\/726\/revisions"}],"predecessor-version":[{"id":731,"href":"https:\/\/slovenci.rs\/sl\/wp-json\/wp\/v2\/posts\/726\/revisions\/731"}],"wp:attachment":[{"href":"https:\/\/slovenci.rs\/sl\/wp-json\/wp\/v2\/media?parent=726"}],"wp:term":[{"taxonomy":"category","embeddable":true,"href":"https:\/\/slovenci.rs\/sl\/wp-json\/wp\/v2\/categories?post=726"},{"taxonomy":"post_tag","embeddable":true,"href":"https:\/\/slovenci.rs\/sl\/wp-json\/wp\/v2\/tags?post=726"}],"curies":[{"name":"wp","href":"https:\/\/api.w.org\/{rel}","templated":true}]}}