{"id":741,"date":"2012-11-09T17:25:30","date_gmt":"2012-11-09T16:25:30","guid":{"rendered":"https:\/\/slovenci.rs\/?p=741"},"modified":"2012-11-09T17:25:30","modified_gmt":"2012-11-09T16:25:30","slug":"uspeh-filma-straf","status":"publish","type":"post","link":"https:\/\/slovenci.rs\/sl\/uspeh-filma-straf\/","title":{"rendered":"Uspeh filma &#8222;\u0160traf&#8220;"},"content":{"rendered":"<p><span style=\"font-family: Georgia; font-size: medium;\">V lanskem \u0161olskem letu\u00a0so u\u010denci Osnovne \u0161ole II iz Murske Sobote\u00a0<\/span>ustvarili film<strong>\u0160traf<\/strong>, ki je junija letos\u00a0<strong>zmagal<\/strong>\u00a0na\u00a0<strong>mednarodnem festivalu G-fest<\/strong>. Po priporo\u010dilih \u017eirantov je bil film poslan<\/p>\n<p><strong>na najve\u010dji eko festival v Evropi (Green screen fest) v Beograd<\/strong>, kjer je bil\u00a0 kot\u00a0<strong>edini slovenski film\u00a0<\/strong>sprejet v tekmovalni del festivala.<\/p>\n<p><span style=\"font-family: Georgia; font-size: medium;\">Vsi sodelujo\u010di (12. u\u010dencev + 3 spremljevalci) se bodo festivala tudi udele\u017eili in od 14.-16.11. posku\u0161ali maksimalno do\u017eiveti Beograd.<\/span><\/p>\n<p><span style=\"font-family: Georgia; font-size: medium;\">Zgodba je lep primer, da se z u\u010denci \u0161e vedno da delati in to kakovostne stvari. Obisk Beograda in udele\u017eebo<\/span><\/p>\n<p><span style=\"font-family: Georgia; font-size: medium;\">na festivalu sta podprla in omogo\u010dila lokalna skupnost in \u0161ola.\u00a0<\/span><\/p>\n<p><span style=\"font-family: Georgia; font-size: medium;\">Sam programski direktor festivala (Vladimir \u0160\u0107eki\u0107) \u00a0je pohvalil film in mu pripisal kar realne mo\u017enosti za uspeh tudi na tem festivalu<\/span><\/p>","protected":false},"excerpt":{"rendered":"<p>V lanskem \u0161olskem letu\u00a0so u\u010denci Osnovne \u0161ole II iz Murske Sobote\u00a0ustvarili film\u0160traf, ki je junija letos\u00a0zmagal\u00a0na\u00a0mednarodnem festivalu G-fest. Po priporo\u010dilih \u017eirantov je bil film poslan na najve\u010dji eko festival v Evropi (Green screen fest) v Beograd, kjer je bil\u00a0 kot\u00a0edini slovenski film\u00a0sprejet v tekmovalni del festivala. Vsi sodelujo\u010di (12. u\u010dencev + 3 spremljevalci) se bodo [&hellip;]<\/p>\n","protected":false},"author":1,"featured_media":0,"comment_status":"closed","ping_status":"closed","sticky":false,"template":"","format":"standard","meta":{"footnotes":""},"categories":[1],"tags":[],"class_list":["post-741","post","type-post","status-publish","format-standard","hentry","category-uncategorized"],"_links":{"self":[{"href":"https:\/\/slovenci.rs\/sl\/wp-json\/wp\/v2\/posts\/741","targetHints":{"allow":["GET"]}}],"collection":[{"href":"https:\/\/slovenci.rs\/sl\/wp-json\/wp\/v2\/posts"}],"about":[{"href":"https:\/\/slovenci.rs\/sl\/wp-json\/wp\/v2\/types\/post"}],"author":[{"embeddable":true,"href":"https:\/\/slovenci.rs\/sl\/wp-json\/wp\/v2\/users\/1"}],"replies":[{"embeddable":true,"href":"https:\/\/slovenci.rs\/sl\/wp-json\/wp\/v2\/comments?post=741"}],"version-history":[{"count":1,"href":"https:\/\/slovenci.rs\/sl\/wp-json\/wp\/v2\/posts\/741\/revisions"}],"predecessor-version":[{"id":742,"href":"https:\/\/slovenci.rs\/sl\/wp-json\/wp\/v2\/posts\/741\/revisions\/742"}],"wp:attachment":[{"href":"https:\/\/slovenci.rs\/sl\/wp-json\/wp\/v2\/media?parent=741"}],"wp:term":[{"taxonomy":"category","embeddable":true,"href":"https:\/\/slovenci.rs\/sl\/wp-json\/wp\/v2\/categories?post=741"},{"taxonomy":"post_tag","embeddable":true,"href":"https:\/\/slovenci.rs\/sl\/wp-json\/wp\/v2\/tags?post=741"}],"curies":[{"name":"wp","href":"https:\/\/api.w.org\/{rel}","templated":true}]}}