{"id":743,"date":"2012-11-09T17:27:25","date_gmt":"2012-11-09T16:27:25","guid":{"rendered":"https:\/\/slovenci.rs\/?p=743"},"modified":"2012-11-09T17:27:25","modified_gmt":"2012-11-09T16:27:25","slug":"dr-maja-dukanovic-imenovana-v-svet-vlade-republike-za-slovence-po-svetu","status":"publish","type":"post","link":"https:\/\/slovenci.rs\/sl\/dr-maja-dukanovic-imenovana-v-svet-vlade-republike-za-slovence-po-svetu\/","title":{"rendered":"Dr. Maja \u0110ukanovi\u0107 imenovana v Svet Vlade Republike za Slovence po svetu"},"content":{"rendered":"<div>\n<h2><\/h2>\n<p>Veleposlani\u0161tvo obve\u0161\u010da, da je bila dne 24.10.2012 dr. Maja \u0110ukanovi\u0107 s strani predsednika Vlade Republike Slovenije Janeza Jan\u0161e imenovana v Svet Vlade Republike Slovenije za Slovence po svetu.<\/p>\n<p>Dr. Maji \u0110ukanovi\u0107, ki je v preteklem ve\u010d kot desetletnem obdobju odigrala izjemno vlogo pri dru\u0161tvenem povezovanju in organiziranju izseljencev v Srbiji, iskreno \u010destitamo in jih \u017eelimo veliko uspehov pri zastopanju slovenskih izseljencev v Srbiji v stalnem posvetovalnem telesu Vlade Republike Slovenije.<\/p>\n<p>\u010clani Sveta Vlade Republike Slovenije za Slovence po svetu sodelujejo pri oblikovanju in izvajanju politike ter strategije Republike Slovenije na podro\u010dju skrbi za Slovence po svetu.<\/p>\n<p>Prva seja novoimenovanega Sveta Vlade Republike Slovenije za Slovence po svetu je predvidena 20.11.2012 v Ljubljani.<\/p>\n<\/div>\n<div>\u00a0Prevzeto:\u00a0<a href=\"http:\/\/www.belgrade.embassy.si\/index.php?id=906&amp;tx_ttnews%5btt_news%5d=14386&amp;tx_ttnews%5bbackPid%5d=905&amp;cHash=44d0bf41fe\" target=\"_blank\">http:\/\/www.<wbr>belgrade.embassy.si\/index.php?<wbr>id=906&amp;tx_ttnews%5btt_news%5d=<wbr>14386&amp;tx_ttnews%5bbackPid%5d=<wbr>905&amp;cHash=44d0bf41fe<\/wbr><\/wbr><\/wbr><\/wbr><\/a><\/div>","protected":false},"excerpt":{"rendered":"<p>Veleposlani\u0161tvo obve\u0161\u010da, da je bila dne 24.10.2012 dr. Maja \u0110ukanovi\u0107 s strani predsednika Vlade Republike Slovenije Janeza Jan\u0161e imenovana v Svet Vlade Republike Slovenije za Slovence po svetu. Dr. Maji \u0110ukanovi\u0107, ki je v preteklem ve\u010d kot desetletnem obdobju odigrala izjemno vlogo pri dru\u0161tvenem povezovanju in organiziranju izseljencev v Srbiji, iskreno \u010destitamo in jih \u017eelimo [&hellip;]<\/p>\n","protected":false},"author":1,"featured_media":0,"comment_status":"closed","ping_status":"closed","sticky":false,"template":"","format":"standard","meta":{"footnotes":""},"categories":[1],"tags":[],"class_list":["post-743","post","type-post","status-publish","format-standard","hentry","category-uncategorized"],"_links":{"self":[{"href":"https:\/\/slovenci.rs\/sl\/wp-json\/wp\/v2\/posts\/743","targetHints":{"allow":["GET"]}}],"collection":[{"href":"https:\/\/slovenci.rs\/sl\/wp-json\/wp\/v2\/posts"}],"about":[{"href":"https:\/\/slovenci.rs\/sl\/wp-json\/wp\/v2\/types\/post"}],"author":[{"embeddable":true,"href":"https:\/\/slovenci.rs\/sl\/wp-json\/wp\/v2\/users\/1"}],"replies":[{"embeddable":true,"href":"https:\/\/slovenci.rs\/sl\/wp-json\/wp\/v2\/comments?post=743"}],"version-history":[{"count":1,"href":"https:\/\/slovenci.rs\/sl\/wp-json\/wp\/v2\/posts\/743\/revisions"}],"predecessor-version":[{"id":744,"href":"https:\/\/slovenci.rs\/sl\/wp-json\/wp\/v2\/posts\/743\/revisions\/744"}],"wp:attachment":[{"href":"https:\/\/slovenci.rs\/sl\/wp-json\/wp\/v2\/media?parent=743"}],"wp:term":[{"taxonomy":"category","embeddable":true,"href":"https:\/\/slovenci.rs\/sl\/wp-json\/wp\/v2\/categories?post=743"},{"taxonomy":"post_tag","embeddable":true,"href":"https:\/\/slovenci.rs\/sl\/wp-json\/wp\/v2\/tags?post=743"}],"curies":[{"name":"wp","href":"https:\/\/api.w.org\/{rel}","templated":true}]}}