{"id":748,"date":"2012-11-22T00:09:07","date_gmt":"2012-11-21T23:09:07","guid":{"rendered":"https:\/\/slovenci.rs\/?p=748"},"modified":"2012-11-22T00:14:38","modified_gmt":"2012-11-21T23:14:38","slug":"seja-sveta-vlade-rs-za-slovence-po-svetu","status":"publish","type":"post","link":"https:\/\/slovenci.rs\/sl\/seja-sveta-vlade-rs-za-slovence-po-svetu\/","title":{"rendered":"Seja Sveta Vlade RS za Slovence po svetu"},"content":{"rendered":"<p><strong>Na povabilo predsednika Vlade RS in predsednika Sveta Vlade RS za Slovence po svetu Janeza Jan\u0161e se je v torek, 20. novembra 2012, v Ljubljani sestal Svet Vlade RS za Slovence po svetu, tokrat prvi\u010d v novi sestavi. Kot podpredsednica sveta je na seji sodelovala ministrica za Slovence v zamejstvu in po svetu Ljudmila Novak, ki je po seji \u010dlane tudi sprejela.<\/strong><\/p>\n<div><\/div>\n<p>\u010clani sveta so predstavniki slovenskih skupnosti iz zdomstva ter izseljenstva, ki delujejo na podro\u010dju skrbi za ohranjanje slovenstva povsod po svetu, pa tudi ministri slovenske vlade oziroma dr\u017eavni sekretarji, ki se pri svojem delu sre\u010dujejo s problematiko Slovencev po svetu.<\/p>\n<p>&nbsp;<\/p>\n<p>Osrednji del razprave je bila namenjen izmenjavi informacij o dejavnostih organizacij Slovencev po svetu. \u010clani sveta so se zahvalili slovenski vladi za aktivno in vztrajno podporo njihovim prizadevanjem za ohranjanje slovenske kulture in jezika med Slovenci, \u017eive\u010dimi v tujini. Posebej so izpostavili pomen ohranitve Urada Vlade RS za Slovence v zamejstvu in po svetu na \u010delu z ministrico brez resorja, ki pri\u010da o skrbi, ki jo slovenska vlada namenja razvoju stikov s slovenskimi skupnostmi po svetu.<\/p>\n<p>&nbsp;<\/p>\n<p>Sogovorniki so sodelovanje predstavnikov izseljenskih skupnosti s predstavniki Vlade RS ocenili kot plodno. Podpora skupnostim pri ohranjanju slovenskega jezika, vklju\u010devanju mlaj\u0161ih generacij v aktivno dru\u0161tveno \u017eivljenje in vsestranskemu sodelovanju med domovino in dr\u017eavami izseljencev je velika. Predstavniki so seznanili, da je zanimanje za u\u010denje slovenskega jezika v izseljenstvu med Slovenci in drugimi veliko. Na tem podro\u010dju so zelo veseli tako pomo\u010di Urada kot tudi programov, ki jih ponuja Center za sloven\u0161\u010dino kot tuj jezik. Predstavniki Slovencev po svetu so spregovorili tudi o te\u017eavah in izzivih, s katerimi se pri svojem delovanju in \u017eivljenju v tujini sre\u010dujejo.<\/p>\n<p>&nbsp;<\/p>\n<p>Predsednik Vlade je izpostavil, da si Vlada RS preko Urada za Slovence v zamejstvu in po svetu ter preko aktivnosti razli\u010dnih ministrstev in vladnih slu\u017eb prizadeva za oblikovanje trdne vezi med mati\u010dno dr\u017eavo in Slovenci po svetu. Delo je usmerjeno v razvijanje skupnega slovenskega prostora, ohranjanje slovenske identitete, jezika, kulture in kulturne dedi\u0161\u010dine, v ohranjanje in krepitev slovenskih skupnosti in organizacij po svetu in spodbujanje sodelovanja na podro\u010djih kot sta znanost in gospodarstvo. Poudaril je, da tu vse mo\u017enosti \u0161e niso izkori\u0161\u010dene. Nove okoli\u0161\u010dine, povezane s \u010dedalje la\u017ejim premagovanjem ovir, ki so jih neko\u010d predstavljale geografske, tehnolo\u0161ke, administrativne in druge omejitve, danes ponujajo mo\u017enosti za razvoj novih oblik konkretnega sodelovanja.<\/p>\n<p>&nbsp;<\/p>\n<p>\u010clani Sveta so se ob koncu dogovorili, da bo na osnovi dosedanjih razprav in ob upo\u0161tevanju konkretnih predlogov, ki bodo v prihodnjih tednih \u0161e prispeli na Urad, pripravljen okvirni na\u010drt dela za prihodnje sodelovanje Slovenije s Slovenci po svetu.<\/p>\n<p><wbr>\u00a0\u00a0\u00a0\u00a0\u00a0\u00a0\u00a0\u00a0\u00a0\u00a0\u00a0\u00a0\u00a0\u00a0\u00a0\u00a0\u00a0\u00a0\u00a0\u00a0\u00a0\u00a0\u00a0\u00a0\u00a0\u00a0\u00a0\u00a0\u00a0\u00a0<wbr>\u00a0\u00a0\u00a0\u00a0\u00a0\u00a0\u00a0\u00a0\u00a0\u00a0\u00a0\u00a0\u00a0\u00a0\u00a0\u00a0\u00a0\u00a0\u00a0\u00a0\u00a0\u00a0\u00a0\u00a0\u00a0\u00a0\u00a0\u00a0\u00a0\u00a0<wbr>\u00a0\u00a0\u00a0\u00a0\u00a0\u00a0\u00a0\u00a0\u00a0\u00a0\u00a0\u00a0\u00a0\u00a0\u00a0\u00a0\u00a0\u00a0\u00a0\u00a0\u00a0\u00a0<\/wbr><\/wbr><\/wbr><\/p>\n<p>Na sprejemu po seji sveta je ministrica pozdravila \u010dlane ter se jim zahvalila za udele\u017ebo. \u00bb<em>Seja je bila produktivna in izjemno pomembna, saj ste nam vsi \u010dlani predstavili polo\u017eaj slovenskih skupnositi v dr\u017eavah, iz katerih prihajate. Seja je pomembna tako za vas, da spoznate eden drugega ter se seznanite z \u017eivljenjem rojakov po svetu, kakor tudi za nas v Sloveniji, da iz prve roke dobimo informacije o delovanju slovenskih organizacij po svetu ter morebitnih te\u017eavah slovenske skupnosti<\/em>,\u00ab je dejala Ljudmila Novak. \u010clani so se ministrici zahvalili za sprejem ter za vse delo, ki ga v dobro Slovencev po svetu opravlja Urad Vlade RS za Slovence v zamejstvu in po svetu.<\/p>\n<p>&nbsp;<\/p>\n<p>Prevzeto:\u00a0<a href=\"http:\/\/www.uszs.gov.si\/nc\/si\/medijsko_sredisce\/novica\/article\/737\/2694\/\" target=\"_blank\">http:\/\/www.uszs.gov.<wbr>si\/nc\/si\/medijsko_sredisce\/<wbr>novica\/article\/737\/2694\/<\/wbr><\/wbr><\/a><\/p>\n<p>&nbsp;<\/p>\n<p><a href=\"https:\/\/slovenci.rs\/wp-content\/uploads\/2012\/11\/20nov2012_svet_seja_sveta_012.jpg\"><img loading=\"lazy\" decoding=\"async\" class=\"alignnone size-medium wp-image-752\" title=\"20nov2012_svet_seja_sveta_01\" src=\"https:\/\/slovenci.rs\/wp-content\/uploads\/2012\/11\/20nov2012_svet_seja_sveta_012-300x166.jpg\" alt=\"\" width=\"300\" height=\"166\" srcset=\"https:\/\/slovenci.rs\/wp-content\/uploads\/2012\/11\/20nov2012_svet_seja_sveta_012-300x166.jpg 300w, https:\/\/slovenci.rs\/wp-content\/uploads\/2012\/11\/20nov2012_svet_seja_sveta_012.jpg 500w\" sizes=\"auto, (max-width: 300px) 100vw, 300px\" \/><\/a><\/p>\n<p>&nbsp;<\/p>\n<p>&nbsp;<\/p>\n<p><a href=\"https:\/\/slovenci.rs\/wp-content\/uploads\/2012\/11\/20nov2012_svet_seja_sveta_02.jpg\"><img loading=\"lazy\" decoding=\"async\" class=\"alignnone size-medium wp-image-753\" title=\"20nov2012_svet_seja_sveta_02\" src=\"https:\/\/slovenci.rs\/wp-content\/uploads\/2012\/11\/20nov2012_svet_seja_sveta_02-300x199.jpg\" alt=\"\" width=\"300\" height=\"199\" srcset=\"https:\/\/slovenci.rs\/wp-content\/uploads\/2012\/11\/20nov2012_svet_seja_sveta_02-300x199.jpg 300w, https:\/\/slovenci.rs\/wp-content\/uploads\/2012\/11\/20nov2012_svet_seja_sveta_02-1024x682.jpg 1024w, https:\/\/slovenci.rs\/wp-content\/uploads\/2012\/11\/20nov2012_svet_seja_sveta_02.jpg 1153w\" sizes=\"auto, (max-width: 300px) 100vw, 300px\" \/><\/a><\/p>\n<p>&nbsp;<\/p>\n<p>&nbsp;<\/p>\n<p><a href=\"https:\/\/slovenci.rs\/wp-content\/uploads\/2012\/11\/20nov2012_svet_seja_sveta_03.jpg\"><img loading=\"lazy\" decoding=\"async\" class=\"alignnone size-medium wp-image-755\" title=\"20nov2012_svet_seja_sveta_03\" src=\"https:\/\/slovenci.rs\/wp-content\/uploads\/2012\/11\/20nov2012_svet_seja_sveta_03-300x199.jpg\" alt=\"\" width=\"300\" height=\"199\" srcset=\"https:\/\/slovenci.rs\/wp-content\/uploads\/2012\/11\/20nov2012_svet_seja_sveta_03-300x199.jpg 300w, https:\/\/slovenci.rs\/wp-content\/uploads\/2012\/11\/20nov2012_svet_seja_sveta_03-1024x682.jpg 1024w, https:\/\/slovenci.rs\/wp-content\/uploads\/2012\/11\/20nov2012_svet_seja_sveta_03.jpg 1153w\" sizes=\"auto, (max-width: 300px) 100vw, 300px\" \/><\/a><\/p>","protected":false},"excerpt":{"rendered":"<p>Na povabilo predsednika Vlade RS in predsednika Sveta Vlade RS za Slovence po svetu Janeza Jan\u0161e se je v torek, 20. novembra 2012, v Ljubljani sestal Svet Vlade RS za Slovence po svetu, tokrat prvi\u010d v novi sestavi. Kot podpredsednica sveta je na seji sodelovala ministrica za Slovence v zamejstvu in po svetu Ljudmila Novak, [&hellip;]<\/p>\n","protected":false},"author":1,"featured_media":0,"comment_status":"closed","ping_status":"closed","sticky":false,"template":"","format":"standard","meta":{"footnotes":""},"categories":[1],"tags":[],"class_list":["post-748","post","type-post","status-publish","format-standard","hentry","category-uncategorized"],"_links":{"self":[{"href":"https:\/\/slovenci.rs\/sl\/wp-json\/wp\/v2\/posts\/748","targetHints":{"allow":["GET"]}}],"collection":[{"href":"https:\/\/slovenci.rs\/sl\/wp-json\/wp\/v2\/posts"}],"about":[{"href":"https:\/\/slovenci.rs\/sl\/wp-json\/wp\/v2\/types\/post"}],"author":[{"embeddable":true,"href":"https:\/\/slovenci.rs\/sl\/wp-json\/wp\/v2\/users\/1"}],"replies":[{"embeddable":true,"href":"https:\/\/slovenci.rs\/sl\/wp-json\/wp\/v2\/comments?post=748"}],"version-history":[{"count":3,"href":"https:\/\/slovenci.rs\/sl\/wp-json\/wp\/v2\/posts\/748\/revisions"}],"predecessor-version":[{"id":756,"href":"https:\/\/slovenci.rs\/sl\/wp-json\/wp\/v2\/posts\/748\/revisions\/756"}],"wp:attachment":[{"href":"https:\/\/slovenci.rs\/sl\/wp-json\/wp\/v2\/media?parent=748"}],"wp:term":[{"taxonomy":"category","embeddable":true,"href":"https:\/\/slovenci.rs\/sl\/wp-json\/wp\/v2\/categories?post=748"},{"taxonomy":"post_tag","embeddable":true,"href":"https:\/\/slovenci.rs\/sl\/wp-json\/wp\/v2\/tags?post=748"}],"curies":[{"name":"wp","href":"https:\/\/api.w.org\/{rel}","templated":true}]}}