{"id":757,"date":"2012-11-25T22:12:13","date_gmt":"2012-11-25T21:12:13","guid":{"rendered":"https:\/\/slovenci.rs\/?p=757"},"modified":"2012-11-25T22:14:05","modified_gmt":"2012-11-25T21:14:05","slug":"strune-milo-se-glasite","status":"publish","type":"post","link":"https:\/\/slovenci.rs\/sl\/strune-milo-se-glasite\/","title":{"rendered":"Strune, milo se glasite"},"content":{"rendered":"<div>\n<div>\n<div>Nacionalni svet slovenske narodne manj\u0161ine<\/div>\n<div>in Glasbeni center Kragujevac,<\/div>\n<div>vas vljudno vabita na koncert<\/div>\n<div>zborovske glasbe slovenskih skladateljev,<\/div>\n<div>ki so ustvarjali in ustvarjajo v Srbiji.<\/div>\n<div>Koncert &#8222;Strune, milo se glasite&#8220; bo<\/div>\n<div>v Kragujevcu,<\/div>\n<div>v slavnostni dvorani<\/div>\n<\/div>\n<div>Prve kragujev\u0161ke gimnazije,<\/div>\n<div>\n<div id=\":2i\" data-tooltip=\"Hide expanded content\"><img decoding=\"async\" src=\"https:\/\/mail.google.com\/mail\/images\/cleardot.gif\" alt=\"\" \/><\/div>\n<\/div>\n<div>v \u010detrtek, 29. novembra 2012 ob 20. uri.<\/div>\n<\/div>\n<div>\n<div><\/div>\n<div>Prisr\u010dno vabljeni!<\/div>\n<\/div>\n<div><\/div>\n<div><\/div>\n<div><a href=\"https:\/\/slovenci.rs\/wp-content\/uploads\/2012\/11\/Koncert-Liceum-29112012-pozivnica.pdf\">Koncert Liceum 29112012 pozivnica<\/a><\/div>","protected":false},"excerpt":{"rendered":"<p>Nacionalni svet slovenske narodne manj\u0161ine in Glasbeni center Kragujevac, vas vljudno vabita na koncert zborovske glasbe slovenskih skladateljev, ki so ustvarjali in ustvarjajo v Srbiji. Koncert &#8222;Strune, milo se glasite&#8220; bo v Kragujevcu, v slavnostni dvorani Prve kragujev\u0161ke gimnazije, v \u010detrtek, 29. novembra 2012 ob 20. uri. Prisr\u010dno vabljeni! Koncert Liceum 29112012 pozivnica<\/p>","protected":false},"author":1,"featured_media":0,"comment_status":"closed","ping_status":"closed","sticky":false,"template":"","format":"standard","meta":{"footnotes":""},"categories":[1],"tags":[],"class_list":["post-757","post","type-post","status-publish","format-standard","hentry","category-uncategorized"],"_links":{"self":[{"href":"https:\/\/slovenci.rs\/sl\/wp-json\/wp\/v2\/posts\/757","targetHints":{"allow":["GET"]}}],"collection":[{"href":"https:\/\/slovenci.rs\/sl\/wp-json\/wp\/v2\/posts"}],"about":[{"href":"https:\/\/slovenci.rs\/sl\/wp-json\/wp\/v2\/types\/post"}],"author":[{"embeddable":true,"href":"https:\/\/slovenci.rs\/sl\/wp-json\/wp\/v2\/users\/1"}],"replies":[{"embeddable":true,"href":"https:\/\/slovenci.rs\/sl\/wp-json\/wp\/v2\/comments?post=757"}],"version-history":[{"count":2,"href":"https:\/\/slovenci.rs\/sl\/wp-json\/wp\/v2\/posts\/757\/revisions"}],"predecessor-version":[{"id":760,"href":"https:\/\/slovenci.rs\/sl\/wp-json\/wp\/v2\/posts\/757\/revisions\/760"}],"wp:attachment":[{"href":"https:\/\/slovenci.rs\/sl\/wp-json\/wp\/v2\/media?parent=757"}],"wp:term":[{"taxonomy":"category","embeddable":true,"href":"https:\/\/slovenci.rs\/sl\/wp-json\/wp\/v2\/categories?post=757"},{"taxonomy":"post_tag","embeddable":true,"href":"https:\/\/slovenci.rs\/sl\/wp-json\/wp\/v2\/tags?post=757"}],"curies":[{"name":"wp","href":"https:\/\/api.w.org\/{rel}","templated":true}]}}