{"id":773,"date":"2012-11-28T19:18:29","date_gmt":"2012-11-28T18:18:29","guid":{"rendered":"https:\/\/slovenci.rs\/?p=773"},"modified":"2012-11-28T19:18:29","modified_gmt":"2012-11-28T18:18:29","slug":"razstava-fotografij-o-mariboru-pancevo-7-decembra","status":"publish","type":"post","link":"https:\/\/slovenci.rs\/sl\/razstava-fotografij-o-mariboru-pancevo-7-decembra\/","title":{"rendered":"Razstava fotografij o Mariboru &#8211; Pan\u010devo 7. decembra"},"content":{"rendered":"<div>U Foajeu Kulturnog centra Pan\u010deva u petak 7. decembra u 19 sati bi\u0107e otvorena izlo\u017eba fotografija, plakata i ostalog propagandnog materijala o Mariboru kulturnoj prestonici Evrope kulture \u00a02012. godine.<\/div>\n<div>Izlo\u017ebu\u00a0<strong>organizuje Udru\u017eenje Slovenaca &#8222;Logarska dolina&#8220; iz Pan\u010deva ( u osnivanju)<\/strong>\u00a0u saradnji sa Turisti\u010dkom organizacijom Maribora i Kulturnim centrom iz Pan\u010deva.<\/div>","protected":false},"excerpt":{"rendered":"<p>U Foajeu Kulturnog centra Pan\u010deva u petak 7. decembra u 19 sati bi\u0107e otvorena izlo\u017eba fotografija, plakata i ostalog propagandnog materijala o Mariboru kulturnoj prestonici Evrope kulture \u00a02012. godine. Izlo\u017ebu\u00a0organizuje Udru\u017eenje Slovenaca &#8222;Logarska dolina&#8220; iz Pan\u010deva ( u osnivanju)\u00a0u saradnji sa Turisti\u010dkom organizacijom Maribora i Kulturnim centrom iz Pan\u010deva.<\/p>","protected":false},"author":1,"featured_media":0,"comment_status":"closed","ping_status":"closed","sticky":false,"template":"","format":"standard","meta":{"footnotes":""},"categories":[1],"tags":[],"class_list":["post-773","post","type-post","status-publish","format-standard","hentry","category-uncategorized"],"_links":{"self":[{"href":"https:\/\/slovenci.rs\/sl\/wp-json\/wp\/v2\/posts\/773","targetHints":{"allow":["GET"]}}],"collection":[{"href":"https:\/\/slovenci.rs\/sl\/wp-json\/wp\/v2\/posts"}],"about":[{"href":"https:\/\/slovenci.rs\/sl\/wp-json\/wp\/v2\/types\/post"}],"author":[{"embeddable":true,"href":"https:\/\/slovenci.rs\/sl\/wp-json\/wp\/v2\/users\/1"}],"replies":[{"embeddable":true,"href":"https:\/\/slovenci.rs\/sl\/wp-json\/wp\/v2\/comments?post=773"}],"version-history":[{"count":1,"href":"https:\/\/slovenci.rs\/sl\/wp-json\/wp\/v2\/posts\/773\/revisions"}],"predecessor-version":[{"id":774,"href":"https:\/\/slovenci.rs\/sl\/wp-json\/wp\/v2\/posts\/773\/revisions\/774"}],"wp:attachment":[{"href":"https:\/\/slovenci.rs\/sl\/wp-json\/wp\/v2\/media?parent=773"}],"wp:term":[{"taxonomy":"category","embeddable":true,"href":"https:\/\/slovenci.rs\/sl\/wp-json\/wp\/v2\/categories?post=773"},{"taxonomy":"post_tag","embeddable":true,"href":"https:\/\/slovenci.rs\/sl\/wp-json\/wp\/v2\/tags?post=773"}],"curies":[{"name":"wp","href":"https:\/\/api.w.org\/{rel}","templated":true}]}}