{"id":775,"date":"2012-12-01T16:50:19","date_gmt":"2012-12-01T15:50:19","guid":{"rendered":"https:\/\/slovenci.rs\/?p=775"},"modified":"2012-12-01T16:50:19","modified_gmt":"2012-12-01T15:50:19","slug":"novogodisnji-dobrotvorni-bazar","status":"publish","type":"post","link":"https:\/\/slovenci.rs\/sl\/novogodisnji-dobrotvorni-bazar\/","title":{"rendered":"NOVOGODI\u0160NJI DOBROTVORNI BAZAR"},"content":{"rendered":"<p><strong>Me\u0111unarodni klub \u017eena Beograda (The International Women\u2019s Club- IWC) odr\u017ea\u0107e svoj dvanaesti godi\u0161nji dobrotvorni Bazar u nedelju, 2. decembra 2012. godine od 10 do 16 \u010dasova, u Hali 2 Beogradskog Sajma. Prikupljena sredstva na Bazaru bi\u0107e usmerena na podr\u0161ku lokalnim nevladinim organizacijama koje rade sa ugro\u017eenim populacijama u Srbiji.<\/strong><\/p>\n<p>Ovaj dobrotvorni doga\u0111aj obuhvati\u0107e 50 \u0161tandova na kojima \u0107e predstavnici 40 zemalja (me\u0111u njima i Slovenija) prikupljati novac nude\u0107i posetiocima svoja tradicionalna, nacionalna jela i pi\u0107a, zatim suvenire, knjige, igra\u010dke, ode\u0107u i druge stvari u ovom egzoti\u010dnom \u0161oping okruzenju. Sav prihod od prodaje, namenjen je podr\u0161ci humanitarnih projekata u Srbiji.<\/p>\n<p>Godi\u0161nji dobrotvorni Bazar nije samo glavni godi\u0161nji doga\u0111aj Me\u0111unarodnog kluba \u017eena Beograda, ve\u0107 je i jedan od najve\u0107ih doga\u0111aja na kojem se prikupljaju sredstva za dobrotvorne svrhe u Srbiji. Ovogodi\u0111nji Bazar, otvori\u0107e Dragica Nikol\u0107c, supruga predsednika Republike Srbije.<\/p>\n<p>Ulaznica za Bazar ko\u0161ta 200 dinara i mo\u017ee se kupiti na info pultu u hipermarketu Merkator centra, na info pultu Super Maxija u Delta sitiju, kao i u Space igraonici koja se nalazi na tre\u0107em spratu tr\u017enog centra U\u0161\u0107e do 1. decembra, odnosno na blagajnama ispred hale 2 Beogradskog sajma 2. decembra. Za decu uzrasta do 10 godina, ulaz je besplatan.<\/p>\n<p>Preuzeto sa:\u00a0<a href=\"http:\/\/www.story.rs\/vesti\/u-fokusu\/26876-novogodisnji-dobrotvorni-bazar.html\" target=\"_blank\">http:\/\/www.story.rs\/vesti\/<wbr>u-fokusu\/26876-novogodisnji-<wbr>dobrotvorni-bazar.html<\/wbr><\/wbr><\/a><\/p>","protected":false},"excerpt":{"rendered":"<p>Me\u0111unarodni klub \u017eena Beograda (The International Women\u2019s Club- IWC) odr\u017ea\u0107e svoj dvanaesti godi\u0161nji dobrotvorni Bazar u nedelju, 2. decembra 2012. godine od 10 do 16 \u010dasova, u Hali 2 Beogradskog Sajma. Prikupljena sredstva na Bazaru bi\u0107e usmerena na podr\u0161ku lokalnim nevladinim organizacijama koje rade sa ugro\u017eenim populacijama u Srbiji. Ovaj dobrotvorni doga\u0111aj obuhvati\u0107e 50 \u0161tandova [&hellip;]<\/p>\n","protected":false},"author":1,"featured_media":0,"comment_status":"closed","ping_status":"closed","sticky":false,"template":"","format":"standard","meta":{"footnotes":""},"categories":[1],"tags":[],"class_list":["post-775","post","type-post","status-publish","format-standard","hentry","category-uncategorized"],"_links":{"self":[{"href":"https:\/\/slovenci.rs\/sl\/wp-json\/wp\/v2\/posts\/775","targetHints":{"allow":["GET"]}}],"collection":[{"href":"https:\/\/slovenci.rs\/sl\/wp-json\/wp\/v2\/posts"}],"about":[{"href":"https:\/\/slovenci.rs\/sl\/wp-json\/wp\/v2\/types\/post"}],"author":[{"embeddable":true,"href":"https:\/\/slovenci.rs\/sl\/wp-json\/wp\/v2\/users\/1"}],"replies":[{"embeddable":true,"href":"https:\/\/slovenci.rs\/sl\/wp-json\/wp\/v2\/comments?post=775"}],"version-history":[{"count":1,"href":"https:\/\/slovenci.rs\/sl\/wp-json\/wp\/v2\/posts\/775\/revisions"}],"predecessor-version":[{"id":776,"href":"https:\/\/slovenci.rs\/sl\/wp-json\/wp\/v2\/posts\/775\/revisions\/776"}],"wp:attachment":[{"href":"https:\/\/slovenci.rs\/sl\/wp-json\/wp\/v2\/media?parent=775"}],"wp:term":[{"taxonomy":"category","embeddable":true,"href":"https:\/\/slovenci.rs\/sl\/wp-json\/wp\/v2\/categories?post=775"},{"taxonomy":"post_tag","embeddable":true,"href":"https:\/\/slovenci.rs\/sl\/wp-json\/wp\/v2\/tags?post=775"}],"curies":[{"name":"wp","href":"https:\/\/api.w.org\/{rel}","templated":true}]}}