{"id":778,"date":"2012-12-03T03:51:47","date_gmt":"2012-12-03T02:51:47","guid":{"rendered":"https:\/\/slovenci.rs\/?p=778"},"modified":"2012-12-03T03:54:31","modified_gmt":"2012-12-03T02:54:31","slug":"koncert-strune-milo-se-glasite-navdusil-obcinstvo","status":"publish","type":"post","link":"https:\/\/slovenci.rs\/sl\/koncert-strune-milo-se-glasite-navdusil-obcinstvo\/","title":{"rendered":"Koncert &#8222;Strune, milo se glasite&#8220; navdu\u0161il ob\u010dinstvo"},"content":{"rendered":"<p>Nacionalni svet slovenske manj\u0161ine v Srbiji in Glasbeni center Kragujevac sta v dvorani tukaj\u0161nje prve gimnazije 29. novembra 2012 pripravila uspe\u0161en koncert zborovske glasbe slovenskih skladateljev, ki so ustvarjali in \u0161e ustvarjajo v Srbiji.<\/p>\n<p>V nabito polni dvorani in\u00a0ob navzo\u010dnosti \u0161tevilnih predstavnikov javnega \u017eivljenja Kragujevca na \u010delu z namestnico predsednika mestne skup\u0161\u010dine Slavico Kominac in namestnika veleposlanika Milana Predana je kragujev\u0161ki me\u0161ani pevski zbor Liceum pod vodstvom dirigenta Miloja Nikoli\u0107a v\u00a0 sodelovanju s komornim ansamblom \u0160kancin iz Beograda predstavil dela J.P. Gallusa, Davorina Jenka, Mihovila Logarja, Zlatana Vaude (navzo\u010da je bila njegova h\u010derka Marija) in Anice Sabo. Slednja, dolgoletna dejavna \u010dlanica beograjskega dru\u0161tva Slovencev Sava in skupaj s \u010dlanico Nacionalnega sveta dr. Majo \u0110ukanovi\u0107 gonilna sila tega projekta, je \u0161e posebej navdu\u0161ila ob\u010dinstvo s svojo uglasbitvijo Pre\u0161ernove pesmi \u00bbStrune, milo se glasite\u00ab, ki je bila moto prireditve.<\/p>\n<p>Koncerta so se poleg doma\u010dega ob\u010dinstva in Slovencev, ki delajo v Srbiji, udele\u017eili tudi predstavniki slovenskih dru\u0161tev iz Kragujevca, Beograda in Kru\u0161evca, slednji pa\u00a0so izkazali velik interes, da bi koncert \u010dim prej ponovili v njihovem mestu. Dogodek je bil dele\u017een tudi velike medijske pozornosti in je bil tudi s tega vidika odli\u010dna promocija slovenske kulture in poslanstva Nacionalnega sveta kot vezi med manj\u0161ino in ve\u010dinskim prebivalstvom<\/p>\n<p>&nbsp;<\/p>\n<p><img decoding=\"async\" style=\"width: 300px; min-height: 169px;\" src=\"http:\/\/www.belgrade.embassy.si\/uploads\/RTEmagicC_KG_Strune_2.jpg.jpg\" alt=\"\" \/><\/p>\n<p>&nbsp;<\/p>\n<p><img decoding=\"async\" style=\"width: 300px; min-height: 169px;\" src=\"http:\/\/www.belgrade.embassy.si\/uploads\/RTEmagicC_KG_Strune_3.jpg.jpg\" alt=\"\" \/><\/p>\n<p>&nbsp;<\/p>\n<p><img decoding=\"async\" style=\"width: 300px; min-height: 169px;\" src=\"http:\/\/www.belgrade.embassy.si\/uploads\/RTEmagicC_Liceum_in_SKancin.jpg.jpg\" alt=\"\" \/><\/p>\n<p>&nbsp;<\/p>","protected":false},"excerpt":{"rendered":"<p>Nacionalni svet slovenske manj\u0161ine v Srbiji in Glasbeni center Kragujevac sta v dvorani tukaj\u0161nje prve gimnazije 29. novembra 2012 pripravila uspe\u0161en koncert zborovske glasbe slovenskih skladateljev, ki so ustvarjali in \u0161e ustvarjajo v Srbiji. V nabito polni dvorani in\u00a0ob navzo\u010dnosti \u0161tevilnih predstavnikov javnega \u017eivljenja Kragujevca na \u010delu z namestnico predsednika mestne skup\u0161\u010dine Slavico Kominac in [&hellip;]<\/p>\n","protected":false},"author":1,"featured_media":0,"comment_status":"closed","ping_status":"closed","sticky":false,"template":"","format":"standard","meta":{"footnotes":""},"categories":[1],"tags":[],"class_list":["post-778","post","type-post","status-publish","format-standard","hentry","category-uncategorized"],"_links":{"self":[{"href":"https:\/\/slovenci.rs\/sl\/wp-json\/wp\/v2\/posts\/778","targetHints":{"allow":["GET"]}}],"collection":[{"href":"https:\/\/slovenci.rs\/sl\/wp-json\/wp\/v2\/posts"}],"about":[{"href":"https:\/\/slovenci.rs\/sl\/wp-json\/wp\/v2\/types\/post"}],"author":[{"embeddable":true,"href":"https:\/\/slovenci.rs\/sl\/wp-json\/wp\/v2\/users\/1"}],"replies":[{"embeddable":true,"href":"https:\/\/slovenci.rs\/sl\/wp-json\/wp\/v2\/comments?post=778"}],"version-history":[{"count":6,"href":"https:\/\/slovenci.rs\/sl\/wp-json\/wp\/v2\/posts\/778\/revisions"}],"predecessor-version":[{"id":784,"href":"https:\/\/slovenci.rs\/sl\/wp-json\/wp\/v2\/posts\/778\/revisions\/784"}],"wp:attachment":[{"href":"https:\/\/slovenci.rs\/sl\/wp-json\/wp\/v2\/media?parent=778"}],"wp:term":[{"taxonomy":"category","embeddable":true,"href":"https:\/\/slovenci.rs\/sl\/wp-json\/wp\/v2\/categories?post=778"},{"taxonomy":"post_tag","embeddable":true,"href":"https:\/\/slovenci.rs\/sl\/wp-json\/wp\/v2\/tags?post=778"}],"curies":[{"name":"wp","href":"https:\/\/api.w.org\/{rel}","templated":true}]}}