{"id":785,"date":"2012-12-03T23:25:25","date_gmt":"2012-12-03T22:25:25","guid":{"rendered":"https:\/\/slovenci.rs\/?p=785"},"modified":"2012-12-03T23:26:03","modified_gmt":"2012-12-03T22:26:03","slug":"vabilo-na-svecano-akademijo-v-soboto-8-decembra-2012-ob-18h-v-cerkvi-sv-ante-padovanskega","status":"publish","type":"post","link":"https:\/\/slovenci.rs\/sl\/vabilo-na-svecano-akademijo-v-soboto-8-decembra-2012-ob-18h-v-cerkvi-sv-ante-padovanskega\/","title":{"rendered":"vabilo na sve\u010dano akademijo v soboto, 8. decembra 2012 ob 18h v Cerkvi Sv. Ante Padovanskega"},"content":{"rendered":"<p><span style=\"font-family: sans-serif; font-size: x-small;\"><em>Spo\u0161tovani,\u00a0<\/em><\/span><br \/>\n<span style=\"font-family: sans-serif; font-size: x-small;\"><em>posredujemo vam vabilo na sve\u010dano akademijo v soboto, 8. decembra 2012 ob 18h v Cerkvi Sv. Ante Padovanskega v Beogradu, v \u010dast 140-letnice rojstva velikega slovenskega arhitekta Jo\u017eeta Ple\u010dnika, ki je bil tudi arhitekt te cerkve. Na\u0161a ambasada je prevzela pokroviteljstvo nad tem dogodkom in se veselimo va\u0161e udele\u017ebe.<\/em><\/span><\/p>\n<p>&nbsp;<\/p>\n<p><a href=\"https:\/\/slovenci.rs\/wp-content\/uploads\/2012\/12\/email-pozivnica.jpg\"><img loading=\"lazy\" decoding=\"async\" class=\"alignnone size-medium wp-image-786\" title=\"email pozivnica\" src=\"https:\/\/slovenci.rs\/wp-content\/uploads\/2012\/12\/email-pozivnica-212x300.jpg\" alt=\"\" width=\"212\" height=\"300\" srcset=\"https:\/\/slovenci.rs\/wp-content\/uploads\/2012\/12\/email-pozivnica-212x300.jpg 212w, https:\/\/slovenci.rs\/wp-content\/uploads\/2012\/12\/email-pozivnica-723x1024.jpg 723w\" sizes=\"auto, (max-width: 212px) 100vw, 212px\" \/><\/a><\/p>","protected":false},"excerpt":{"rendered":"<p>Spo\u0161tovani,\u00a0 posredujemo vam vabilo na sve\u010dano akademijo v soboto, 8. decembra 2012 ob 18h v Cerkvi Sv. Ante Padovanskega v Beogradu, v \u010dast 140-letnice rojstva velikega slovenskega arhitekta Jo\u017eeta Ple\u010dnika, ki je bil tudi arhitekt te cerkve. Na\u0161a ambasada je prevzela pokroviteljstvo nad tem dogodkom in se veselimo va\u0161e udele\u017ebe. &nbsp;<\/p>","protected":false},"author":1,"featured_media":0,"comment_status":"closed","ping_status":"closed","sticky":false,"template":"","format":"standard","meta":{"footnotes":""},"categories":[1],"tags":[],"class_list":["post-785","post","type-post","status-publish","format-standard","hentry","category-uncategorized"],"_links":{"self":[{"href":"https:\/\/slovenci.rs\/sl\/wp-json\/wp\/v2\/posts\/785","targetHints":{"allow":["GET"]}}],"collection":[{"href":"https:\/\/slovenci.rs\/sl\/wp-json\/wp\/v2\/posts"}],"about":[{"href":"https:\/\/slovenci.rs\/sl\/wp-json\/wp\/v2\/types\/post"}],"author":[{"embeddable":true,"href":"https:\/\/slovenci.rs\/sl\/wp-json\/wp\/v2\/users\/1"}],"replies":[{"embeddable":true,"href":"https:\/\/slovenci.rs\/sl\/wp-json\/wp\/v2\/comments?post=785"}],"version-history":[{"count":2,"href":"https:\/\/slovenci.rs\/sl\/wp-json\/wp\/v2\/posts\/785\/revisions"}],"predecessor-version":[{"id":788,"href":"https:\/\/slovenci.rs\/sl\/wp-json\/wp\/v2\/posts\/785\/revisions\/788"}],"wp:attachment":[{"href":"https:\/\/slovenci.rs\/sl\/wp-json\/wp\/v2\/media?parent=785"}],"wp:term":[{"taxonomy":"category","embeddable":true,"href":"https:\/\/slovenci.rs\/sl\/wp-json\/wp\/v2\/categories?post=785"},{"taxonomy":"post_tag","embeddable":true,"href":"https:\/\/slovenci.rs\/sl\/wp-json\/wp\/v2\/tags?post=785"}],"curies":[{"name":"wp","href":"https:\/\/api.w.org\/{rel}","templated":true}]}}