{"id":789,"date":"2012-12-03T23:26:43","date_gmt":"2012-12-03T22:26:43","guid":{"rendered":"https:\/\/slovenci.rs\/?p=789"},"modified":"2012-12-03T23:26:43","modified_gmt":"2012-12-03T22:26:43","slug":"19-zimska-sola-slovenskega-jezika-v-ljubljani","status":"publish","type":"post","link":"https:\/\/slovenci.rs\/sl\/19-zimska-sola-slovenskega-jezika-v-ljubljani\/","title":{"rendered":"19. zimska \u0161ola slovenskega jezika v Ljubljani"},"content":{"rendered":"<p><span style=\"font-family: Verdana; font-size: xx-small;\"><strong>19. zimska \u0161ola slovenskega jezika v Ljubljani<\/strong><\/span><\/p>\n<p><span style=\"color: #2f2f2f; font-family: Verdana; font-size: xx-small;\">Center za sloven\u0161\u010dino kot drugi\/tuji jezik pri Filozofski fakulteti Univerze v Ljubljani\u00a0<strong>od 21. januarja do 1. februarja 2013<\/strong>\u00a0prireja<strong>\u00a019. zimsko \u0161olo slovenskega jezika.<\/strong>\u00a0Dvotedenski te\u010daj sloven\u0161\u010dine je namenjen tistim, ki bi se radi v kratkem \u010dasu nau\u010dili \u010dim ve\u010d, v spremljevalnem programu pa spoznali slovensko kulturo in dru\u017ebo.<br \/>\nUdele\u017eenci lahko izbirajo med:<br \/>\n\u00b7\u00a0<strong>dopoldanskim te\u010dajem:<\/strong>\u00a0vsak dan po 4 \u0161olske ure (9.00\u201312.30)<br \/>\n\u00b7 obi\u010dajni jezikovni te\u010daj<br \/>\n\u00b7 priprava na izpit iz znanja sloven\u0161\u010dine na visoki ravni<\/p>\n<p>\u00b7\u00a0<strong>popoldanskim te\u010dajem:\u00a0<\/strong>vsak dan po 2 \u0161olski uri (14.00\u201315.30)<br \/>\n\u00b7 konverzacija s fonetiko za za\u010detnike<br \/>\n\u00b7 konverzacija za nadaljevalce in izpopolnjevalce<br \/>\n\u00b7 slovnica<\/span><\/p>\n<p><span style=\"color: #2f2f2f; font-family: Verdana; font-size: xx-small;\">Vsak drugi dan poteka v Zimski \u0161oli tudi pester\u00a0<strong>spremljevalni program<\/strong>: spoznavno popoldne s pogostitvijo, ogled mestnega jedra Ljubljane, ogled ljubljanske opere, delavnica slovenskih ljudskih plesov, zaklju\u010dni ve\u010der z jezikovnimi igrami in knji\u017enimi nagradami. Ve\u010d informacij, cene in prijavnico najdete na\u00a0<\/span><a href=\"http:\/\/www.centerslo.net\/l2.asp?L1_ID=1&amp;L2_ID=14&amp;LANG=slo\" target=\"_blank\"><span style=\"color: blue; font-family: Verdana; font-size: xx-small;\"><span style=\"text-decoration: underline;\">http:\/\/www.centerslo.net\/l2.<wbr>asp?L1_ID=1&amp;L2_ID=14&amp;LANG=slo<\/wbr><\/span><\/span><\/a><span style=\"color: #2f2f2f; font-family: Verdana; font-size: xx-small;\">.<\/span><\/p>","protected":false},"excerpt":{"rendered":"<p>19. zimska \u0161ola slovenskega jezika v Ljubljani Center za sloven\u0161\u010dino kot drugi\/tuji jezik pri Filozofski fakulteti Univerze v Ljubljani\u00a0od 21. januarja do 1. februarja 2013\u00a0prireja\u00a019. zimsko \u0161olo slovenskega jezika.\u00a0Dvotedenski te\u010daj sloven\u0161\u010dine je namenjen tistim, ki bi se radi v kratkem \u010dasu nau\u010dili \u010dim ve\u010d, v spremljevalnem programu pa spoznali slovensko kulturo in dru\u017ebo. Udele\u017eenci lahko [&hellip;]<\/p>\n","protected":false},"author":1,"featured_media":0,"comment_status":"closed","ping_status":"closed","sticky":false,"template":"","format":"standard","meta":{"footnotes":""},"categories":[1],"tags":[],"class_list":["post-789","post","type-post","status-publish","format-standard","hentry","category-uncategorized"],"_links":{"self":[{"href":"https:\/\/slovenci.rs\/sl\/wp-json\/wp\/v2\/posts\/789","targetHints":{"allow":["GET"]}}],"collection":[{"href":"https:\/\/slovenci.rs\/sl\/wp-json\/wp\/v2\/posts"}],"about":[{"href":"https:\/\/slovenci.rs\/sl\/wp-json\/wp\/v2\/types\/post"}],"author":[{"embeddable":true,"href":"https:\/\/slovenci.rs\/sl\/wp-json\/wp\/v2\/users\/1"}],"replies":[{"embeddable":true,"href":"https:\/\/slovenci.rs\/sl\/wp-json\/wp\/v2\/comments?post=789"}],"version-history":[{"count":1,"href":"https:\/\/slovenci.rs\/sl\/wp-json\/wp\/v2\/posts\/789\/revisions"}],"predecessor-version":[{"id":790,"href":"https:\/\/slovenci.rs\/sl\/wp-json\/wp\/v2\/posts\/789\/revisions\/790"}],"wp:attachment":[{"href":"https:\/\/slovenci.rs\/sl\/wp-json\/wp\/v2\/media?parent=789"}],"wp:term":[{"taxonomy":"category","embeddable":true,"href":"https:\/\/slovenci.rs\/sl\/wp-json\/wp\/v2\/categories?post=789"},{"taxonomy":"post_tag","embeddable":true,"href":"https:\/\/slovenci.rs\/sl\/wp-json\/wp\/v2\/tags?post=789"}],"curies":[{"name":"wp","href":"https:\/\/api.w.org\/{rel}","templated":true}]}}