{"id":791,"date":"2012-12-11T18:33:34","date_gmt":"2012-12-11T17:33:34","guid":{"rendered":"https:\/\/slovenci.rs\/?p=791"},"modified":"2012-12-11T18:33:34","modified_gmt":"2012-12-11T17:33:34","slug":"100-jubilarni-sastanak-i-novogodisnji-koktel-slovenackog-poslovnog-kluba","status":"publish","type":"post","link":"https:\/\/slovenci.rs\/sl\/100-jubilarni-sastanak-i-novogodisnji-koktel-slovenackog-poslovnog-kluba\/","title":{"rendered":"100. JUBILARNI SASTANAK I NOVOGODI\u0160NJI KOKTEL SLOVENA\u010cKOG POSLOVNOG KLUBA"},"content":{"rendered":"<p align=\"center\"><strong><em>POZIVAMO<\/em><\/strong><strong><em>\u00a0VAS NA<\/em><\/strong><\/p>\n<p align=\"center\"><strong><\/strong><\/p>\n<p align=\"center\"><strong><em>100-TI JUBILARNI SASTANAK<\/em><\/strong><strong>\u00a0&amp;<\/strong><\/p>\n<p align=\"center\"><strong><em>NOVOGODI\u0160NJI KOKTEL<\/em><\/strong><\/p>\n<p align=\"center\"><strong><em>SLOVENA\u010cKOG POSLOVNOG KLUBA<\/em><\/strong><strong><\/strong><\/p>\n<p align=\"center\"><strong><\/strong><\/p>\n<p align=\"center\"><strong><em>koji \u0107e se odr\u017eati u \u010detvrtak, 13. decembra 2012. godine, u 19 \u010dasova,<\/em><\/strong><\/p>\n<p align=\"center\"><strong><em>u Aeuroklubu (Uzun Mirkova 4)<\/em><\/strong><\/p>\n<p>&nbsp;<\/p>\n<p><strong><em><\/em><\/strong><\/p>\n<p><strong><em>Na 100. sastanku Slovena\u010dkog poslovnog kluba, zahvaljuju\u0107i eKapiji, pogleda\u0107emo \u0161ta smo hteli, a \u0161ta smo uradili tokom 10 godina uspe\u0161nog poslovanja.<\/em><\/strong><\/p>\n<p><strong><em><\/em><\/strong><\/p>\n<p><strong><em>Ima\u0107emo i zadovoljstvo da u\u017eivamo u prelepim fotografijama lipicanera umetnice Alenke Slavinec, pod nazivom \u201cSlovenia in us\u201d.<\/em><\/strong><\/p>\n<p><strong><em><\/em><\/strong><\/p>\n<p><strong><em>Istovremeno, jedni drugima \u010destita\u0107emo predstoje\u0107e praznike i po\u017eele\u0107emo sre\u0107nu i uspe\u0161nu 2013. godinu!<\/em><\/strong><\/p>\n<p><strong><em><\/em><\/strong><\/p>\n<p><strong><em><\/em><\/strong><\/p>\n<p><strong><em><\/em><\/strong><\/p>\n<p align=\"center\"><strong><em>Molimo Vas da svoje u\u010de\u0161\u0107e potvrdite na e-mail:\u00a0<\/em><\/strong><a href=\"mailto:klub@spk.rs\" target=\"_blank\"><strong><em>klub@spk.rs<\/em><\/strong><\/a><strong><em><\/em><\/strong><\/p>\n<p align=\"center\"><strong><em><\/em><\/strong><\/p>","protected":false},"excerpt":{"rendered":"<p>POZIVAMO\u00a0VAS NA 100-TI JUBILARNI SASTANAK\u00a0&amp; NOVOGODI\u0160NJI KOKTEL SLOVENA\u010cKOG POSLOVNOG KLUBA koji \u0107e se odr\u017eati u \u010detvrtak, 13. decembra 2012. godine, u 19 \u010dasova, u Aeuroklubu (Uzun Mirkova 4) &nbsp; Na 100. sastanku Slovena\u010dkog poslovnog kluba, zahvaljuju\u0107i eKapiji, pogleda\u0107emo \u0161ta smo hteli, a \u0161ta smo uradili tokom 10 godina uspe\u0161nog poslovanja. Ima\u0107emo i zadovoljstvo da u\u017eivamo [&hellip;]<\/p>\n","protected":false},"author":1,"featured_media":0,"comment_status":"closed","ping_status":"closed","sticky":false,"template":"","format":"standard","meta":{"footnotes":""},"categories":[1],"tags":[],"class_list":["post-791","post","type-post","status-publish","format-standard","hentry","category-uncategorized"],"_links":{"self":[{"href":"https:\/\/slovenci.rs\/sl\/wp-json\/wp\/v2\/posts\/791","targetHints":{"allow":["GET"]}}],"collection":[{"href":"https:\/\/slovenci.rs\/sl\/wp-json\/wp\/v2\/posts"}],"about":[{"href":"https:\/\/slovenci.rs\/sl\/wp-json\/wp\/v2\/types\/post"}],"author":[{"embeddable":true,"href":"https:\/\/slovenci.rs\/sl\/wp-json\/wp\/v2\/users\/1"}],"replies":[{"embeddable":true,"href":"https:\/\/slovenci.rs\/sl\/wp-json\/wp\/v2\/comments?post=791"}],"version-history":[{"count":1,"href":"https:\/\/slovenci.rs\/sl\/wp-json\/wp\/v2\/posts\/791\/revisions"}],"predecessor-version":[{"id":792,"href":"https:\/\/slovenci.rs\/sl\/wp-json\/wp\/v2\/posts\/791\/revisions\/792"}],"wp:attachment":[{"href":"https:\/\/slovenci.rs\/sl\/wp-json\/wp\/v2\/media?parent=791"}],"wp:term":[{"taxonomy":"category","embeddable":true,"href":"https:\/\/slovenci.rs\/sl\/wp-json\/wp\/v2\/categories?post=791"},{"taxonomy":"post_tag","embeddable":true,"href":"https:\/\/slovenci.rs\/sl\/wp-json\/wp\/v2\/tags?post=791"}],"curies":[{"name":"wp","href":"https:\/\/api.w.org\/{rel}","templated":true}]}}