{"id":806,"date":"2012-12-26T18:54:23","date_gmt":"2012-12-26T17:54:23","guid":{"rendered":"https:\/\/slovenci.rs\/?p=806"},"modified":"2012-12-26T18:54:23","modified_gmt":"2012-12-26T17:54:23","slug":"zahvala-primozu-artacu-za-podarjene-knjige","status":"publish","type":"post","link":"https:\/\/slovenci.rs\/sl\/zahvala-primozu-artacu-za-podarjene-knjige\/","title":{"rendered":"Zahvala Primo\u017eu Arta\u010du za podarjene knjige"},"content":{"rendered":"<p>Nacionalni svet slovenske manj\u0161ine se prisr\u010dno zahvaljuje gospodu Primo\u017eu Arta\u010du, ki je tudi letos za otroke iz slovenskih Dru\u0161tev pripravil lepe knjige. Napisal je in tiskal knjigo\u00a0<em>Bo\u017ea Mraz \u2013 Najdalj\u0161a zimska\u00a0<\/em>no\u010d, ki jo je ilustriral Konstantin Grosu, v srb\u0161\u010dino pa prevedla Sonja Arta\u010d. Skupaj s soprogo Sonjo pa sta lani napisala knji\u017eico\u00a0<em>Jo\u017ea Mraz \u2013 pripovedkao eni zimski no\u010di<\/em>, z ilustracijami Roka Slane, otroci pa jo letos lahko berejo tudi v srb\u0161\u010dini. Gospod Arta\u010d s soprogo sicer te knji\u017eice pi\u0161e za svoje otroke, tiska pa zadostno \u0161tevilo izvodov, da se veselijo tudi najmlaj\u0161i v na\u0161ih Dru\u0161tvih.<\/p>","protected":false},"excerpt":{"rendered":"<p>Nacionalni svet slovenske manj\u0161ine se prisr\u010dno zahvaljuje gospodu Primo\u017eu Arta\u010du, ki je tudi letos za otroke iz slovenskih Dru\u0161tev pripravil lepe knjige. Napisal je in tiskal knjigo\u00a0Bo\u017ea Mraz \u2013 Najdalj\u0161a zimska\u00a0no\u010d, ki jo je ilustriral Konstantin Grosu, v srb\u0161\u010dino pa prevedla Sonja Arta\u010d. Skupaj s soprogo Sonjo pa sta lani napisala knji\u017eico\u00a0Jo\u017ea Mraz \u2013 pripovedkao [&hellip;]<\/p>\n","protected":false},"author":1,"featured_media":0,"comment_status":"closed","ping_status":"closed","sticky":false,"template":"","format":"standard","meta":{"footnotes":""},"categories":[1],"tags":[],"class_list":["post-806","post","type-post","status-publish","format-standard","hentry","category-uncategorized"],"_links":{"self":[{"href":"https:\/\/slovenci.rs\/sl\/wp-json\/wp\/v2\/posts\/806","targetHints":{"allow":["GET"]}}],"collection":[{"href":"https:\/\/slovenci.rs\/sl\/wp-json\/wp\/v2\/posts"}],"about":[{"href":"https:\/\/slovenci.rs\/sl\/wp-json\/wp\/v2\/types\/post"}],"author":[{"embeddable":true,"href":"https:\/\/slovenci.rs\/sl\/wp-json\/wp\/v2\/users\/1"}],"replies":[{"embeddable":true,"href":"https:\/\/slovenci.rs\/sl\/wp-json\/wp\/v2\/comments?post=806"}],"version-history":[{"count":1,"href":"https:\/\/slovenci.rs\/sl\/wp-json\/wp\/v2\/posts\/806\/revisions"}],"predecessor-version":[{"id":807,"href":"https:\/\/slovenci.rs\/sl\/wp-json\/wp\/v2\/posts\/806\/revisions\/807"}],"wp:attachment":[{"href":"https:\/\/slovenci.rs\/sl\/wp-json\/wp\/v2\/media?parent=806"}],"wp:term":[{"taxonomy":"category","embeddable":true,"href":"https:\/\/slovenci.rs\/sl\/wp-json\/wp\/v2\/categories?post=806"},{"taxonomy":"post_tag","embeddable":true,"href":"https:\/\/slovenci.rs\/sl\/wp-json\/wp\/v2\/tags?post=806"}],"curies":[{"name":"wp","href":"https:\/\/api.w.org\/{rel}","templated":true}]}}