{"id":812,"date":"2013-01-16T14:26:01","date_gmt":"2013-01-16T13:26:01","guid":{"rendered":"https:\/\/slovenci.rs\/?p=812"},"modified":"2013-01-16T20:55:29","modified_gmt":"2013-01-16T19:55:29","slug":"90-godina-od-rodenja-kompozitora-zlatana-vaude","status":"publish","type":"post","link":"https:\/\/slovenci.rs\/sl\/90-godina-od-rodenja-kompozitora-zlatana-vaude\/","title":{"rendered":"90 godina od ro\u0111enja kompozitora Zlatana Vaude"},"content":{"rendered":"<p style=\"text-align: justify;\">Pre 90 godina, 14. januara 1923. ro\u0111en je Zlatan Vauda u Pernici kod Maribora. Posle izgnanstva u Kragujevac, pre\u017eivljenog streljanja i zavr\u0161etka rata, ostao je u Srbiji, zavr\u0161io Muzi\u010dku akademiju u Beogradu, odsek kompozicije i dirigovanja kod profesora Marka Taj\u010devi\u0107a. Tokom 35 godina bio je dirigent i producent De\u010djeg hora Radio televizije Beograd, a za to vreme hor je postigao takav izvo\u0111a\u010dki nivo da su skoro svi srpski kompozitori bili time podstaknuti i komponovali muziku za njega \u010dime se bogatila muzi\u010dka literatura. Pod rukovodstvom Z. Vaude hor je ostavio na stotine dela u fundus muzi\u010dke produkcije Radio Beograda. U\u010destvovali su na Bemusu, Dubrova\u010dkim letnjim igrama&#8230; Zlatan Vauda &#8211; kompozitor napisao\u00a0je\u00a0vi\u0161e od dvesta kompozicija me\u0111u kojima su opera &#8216;Je\u017eeva ku\u0107a&#8217;, kantate, cikluse solo pesama (\u010duveni &#8216;Poko\u0161eni osmesi&#8217;), kamernu i instrumentalnu muziku (\u010duvena Sonata Brevis, kvarteti), horske kompozicije, Koncert za klarinet. Zlatan Vauda bio je aktivan \u010dlan Dru\u0161tva Slovenaca Sava u Beogradu, gde je vi\u0161e godina rukovodio mu\u0161kim kvartetom Sava. Njegove odabrane horske kompozicije izvedene su na koncertu u Kragujevcu 29.11.2012, u organizaciji Nacionalnog saveta slovena\u010dke nacionalne manjine. Zlatan Vauda je sahranjen u Aleji zaslu\u017enih gra\u0111ana u Beogradu<\/p>","protected":false},"excerpt":{"rendered":"<p>Pre 90 godina, 14. januara 1923. ro\u0111en je Zlatan Vauda u Pernici kod Maribora. Posle izgnanstva u Kragujevac, pre\u017eivljenog streljanja i zavr\u0161etka rata, ostao je u Srbiji, zavr\u0161io Muzi\u010dku akademiju u Beogradu, odsek kompozicije i dirigovanja kod profesora Marka Taj\u010devi\u0107a. Tokom 35 godina bio je dirigent i producent De\u010djeg hora Radio televizije Beograd, a za [&hellip;]<\/p>\n","protected":false},"author":1,"featured_media":0,"comment_status":"closed","ping_status":"closed","sticky":false,"template":"","format":"standard","meta":{"footnotes":""},"categories":[1],"tags":[],"class_list":["post-812","post","type-post","status-publish","format-standard","hentry","category-uncategorized"],"_links":{"self":[{"href":"https:\/\/slovenci.rs\/sl\/wp-json\/wp\/v2\/posts\/812","targetHints":{"allow":["GET"]}}],"collection":[{"href":"https:\/\/slovenci.rs\/sl\/wp-json\/wp\/v2\/posts"}],"about":[{"href":"https:\/\/slovenci.rs\/sl\/wp-json\/wp\/v2\/types\/post"}],"author":[{"embeddable":true,"href":"https:\/\/slovenci.rs\/sl\/wp-json\/wp\/v2\/users\/1"}],"replies":[{"embeddable":true,"href":"https:\/\/slovenci.rs\/sl\/wp-json\/wp\/v2\/comments?post=812"}],"version-history":[{"count":3,"href":"https:\/\/slovenci.rs\/sl\/wp-json\/wp\/v2\/posts\/812\/revisions"}],"predecessor-version":[{"id":815,"href":"https:\/\/slovenci.rs\/sl\/wp-json\/wp\/v2\/posts\/812\/revisions\/815"}],"wp:attachment":[{"href":"https:\/\/slovenci.rs\/sl\/wp-json\/wp\/v2\/media?parent=812"}],"wp:term":[{"taxonomy":"category","embeddable":true,"href":"https:\/\/slovenci.rs\/sl\/wp-json\/wp\/v2\/categories?post=812"},{"taxonomy":"post_tag","embeddable":true,"href":"https:\/\/slovenci.rs\/sl\/wp-json\/wp\/v2\/tags?post=812"}],"curies":[{"name":"wp","href":"https:\/\/api.w.org\/{rel}","templated":true}]}}