{"id":823,"date":"2013-01-25T19:09:13","date_gmt":"2013-01-25T18:09:13","guid":{"rendered":"https:\/\/slovenci.rs\/?p=823"},"modified":"2013-01-25T19:09:13","modified_gmt":"2013-01-25T18:09:13","slug":"vabilo-na-proslavo-ob-slovenskem-kulturnem-prazniku","status":"publish","type":"post","link":"https:\/\/slovenci.rs\/sl\/vabilo-na-proslavo-ob-slovenskem-kulturnem-prazniku\/","title":{"rendered":"Vabilo na proslavo ob Slovenskem kulturnem prazniku"},"content":{"rendered":"<div>V imenu Veleposlani\u0161tva Republike Slovenije vas obv\u0161e\u010damo, da bo proslava ob po\u010dastitvi Slovenskega kulturnega<\/div>\n<div>praznika v \u010detrtek, 7. februarja 2013 ob 19.00 uri, v Dvorani Doma vojske v Beogradu, Bra\u0107e Jugovi\u0107a 19.<\/div>\n<div><\/div>\n<div>Organizatorji prireditve: Veleposlani\u0161tvo Republike Slovenije, Dru\u0161tvo Slovencev Sava v Beogradu in Nacionalni svet slovenske narodne manj\u0161ine<\/div>\n<div><\/div>\n<div>Prevzeti vabilo v slovenskem jeziku:\u00a0<a href=\"https:\/\/slovenci.rs\/wp-content\/uploads\/2013\/01\/Vabilo-SI.pdf\">Vabilo SI<\/a><\/div>\n<div><\/div>\n<div>Preuzeti vabilo v srbskem jeziku:\u00a0<a href=\"https:\/\/slovenci.rs\/wp-content\/uploads\/2013\/01\/Vabilo-SRB.pdf\">Vabilo SRB<\/a><\/div>","protected":false},"excerpt":{"rendered":"<p>V imenu Veleposlani\u0161tva Republike Slovenije vas obv\u0161e\u010damo, da bo proslava ob po\u010dastitvi Slovenskega kulturnega praznika v \u010detrtek, 7. februarja 2013 ob 19.00 uri, v Dvorani Doma vojske v Beogradu, Bra\u0107e Jugovi\u0107a 19. Organizatorji prireditve: Veleposlani\u0161tvo Republike Slovenije, Dru\u0161tvo Slovencev Sava v Beogradu in Nacionalni svet slovenske narodne manj\u0161ine Prevzeti vabilo v slovenskem jeziku:\u00a0Vabilo SI Preuzeti [&hellip;]<\/p>\n","protected":false},"author":1,"featured_media":0,"comment_status":"closed","ping_status":"closed","sticky":false,"template":"","format":"standard","meta":{"footnotes":""},"categories":[1],"tags":[],"class_list":["post-823","post","type-post","status-publish","format-standard","hentry","category-uncategorized"],"_links":{"self":[{"href":"https:\/\/slovenci.rs\/sl\/wp-json\/wp\/v2\/posts\/823","targetHints":{"allow":["GET"]}}],"collection":[{"href":"https:\/\/slovenci.rs\/sl\/wp-json\/wp\/v2\/posts"}],"about":[{"href":"https:\/\/slovenci.rs\/sl\/wp-json\/wp\/v2\/types\/post"}],"author":[{"embeddable":true,"href":"https:\/\/slovenci.rs\/sl\/wp-json\/wp\/v2\/users\/1"}],"replies":[{"embeddable":true,"href":"https:\/\/slovenci.rs\/sl\/wp-json\/wp\/v2\/comments?post=823"}],"version-history":[{"count":1,"href":"https:\/\/slovenci.rs\/sl\/wp-json\/wp\/v2\/posts\/823\/revisions"}],"predecessor-version":[{"id":826,"href":"https:\/\/slovenci.rs\/sl\/wp-json\/wp\/v2\/posts\/823\/revisions\/826"}],"wp:attachment":[{"href":"https:\/\/slovenci.rs\/sl\/wp-json\/wp\/v2\/media?parent=823"}],"wp:term":[{"taxonomy":"category","embeddable":true,"href":"https:\/\/slovenci.rs\/sl\/wp-json\/wp\/v2\/categories?post=823"},{"taxonomy":"post_tag","embeddable":true,"href":"https:\/\/slovenci.rs\/sl\/wp-json\/wp\/v2\/tags?post=823"}],"curies":[{"name":"wp","href":"https:\/\/api.w.org\/{rel}","templated":true}]}}