{"id":828,"date":"2013-02-03T19:43:00","date_gmt":"2013-02-03T18:43:00","guid":{"rendered":"https:\/\/slovenci.rs\/?p=828"},"modified":"2013-02-04T22:52:48","modified_gmt":"2013-02-04T21:52:48","slug":"vabilo-drustva-slovencev-krederica-na-proslavo-ob-presernovem-dnevu","status":"publish","type":"post","link":"https:\/\/slovenci.rs\/sl\/vabilo-drustva-slovencev-krederica-na-proslavo-ob-presernovem-dnevu\/","title":{"rendered":"Vabilo Dru\u0161tva Slovencev Kredarica na proslavo ob Pre\u0161ernovem dnevu"},"content":{"rendered":"<div align=\"center\"><strong><span style=\"color: #000080; font-size: x-large;\"><span style=\"text-decoration: underline;\">V A B I L O<\/span><\/span><\/strong><\/div>\n<div align=\"left\"><\/div>\n<div align=\"center\"><strong><span style=\"color: #000080; font-size: large;\"><em>DRU\u0160TVO SLOVENCEV KREDARICA VAS\u00a0PRISR\u010cNO VABI,<\/em><\/span><\/strong><\/div>\n<div align=\"center\"><strong><span style=\"color: #000080; font-size: large;\"><em>DA SE UDELE\u017dITE\u00a0<\/em><\/span><\/strong><strong><span style=\"color: #000080; font-size: large;\"><em>SVE\u010cANE PROSLAVE<\/em><\/span><\/strong><\/div>\n<div align=\"center\"><\/div>\n<div align=\"center\"><strong><span style=\"color: #000080; font-size: x-large;\"><em>PRE\u0160ERNOVEGA DNE,<\/em><\/span><\/strong><\/div>\n<div align=\"center\"><strong><span style=\"color: #000080; font-size: x-large;\"><em>SLOVENSKEGA KULTURNEGA PRAZNIKA<\/em><\/span><\/strong><\/div>\n<div align=\"center\"><\/div>\n<div align=\"center\"><strong><em><span style=\"color: #000080; font-size: large;\">PRIREDITEV BO 8. FEBRUARJA 2013 V KULTURNEM CENTRU NOVEGA SADA (KATOLI\u010cKA PORTA 5) OB 19:00 URI<\/span><\/em><\/strong><\/div>\n<div align=\"center\"><\/div>\n<div align=\"center\"><strong><em><span style=\"color: #000080; font-size: medium;\"><span style=\"text-decoration: underline;\">IZVAJALCI:<\/span><\/span><\/em><\/strong><\/div>\n<div align=\"center\"><\/div>\n<div align=\"center\"><strong><em><span style=\"color: #000080; font-size: medium;\">*** \u010cLANI DRAMSKEGA IN RECITATORSKEGA KRO\u017dKA DS KREDARICA<\/span><\/em><\/strong><\/div>\n<div align=\"center\"><strong><em><span style=\"color: #000080; font-size: medium;\">(MENTORICA: RUT ZLOBEC)<\/span><\/em><\/strong><\/div>\n<div align=\"center\"><\/div>\n<div align=\"center\"><strong><em><span style=\"color: #000080; font-size: medium;\">*** ME\u0160ANI PEVSKI ZBOR DS KREDARICA<\/span><\/em><\/strong><\/div>\n<div align=\"center\"><strong><em><span style=\"color: #000080; font-size: medium;\">(DIRIGENTKA: DUNJA HUZJAN,<\/span><\/em><\/strong><\/div>\n<div align=\"center\"><strong><em><span style=\"color: #000080; font-size: medium;\">KLAVIRSKA SPREMLJAVA: JOVAN RANITOVI\u0106)<\/span><\/em><\/strong><\/div>\n<div align=\"center\"><\/div>\n<div align=\"center\"><strong><em><span style=\"color: #000080; font-size: medium;\">*** MO\u0160KA PEVSKA SKUPINA DS KREDARICA<\/span><\/em><\/strong><\/div>\n<div align=\"center\"><strong><em><span style=\"color: #000080; font-size: medium;\">(UMETNI\u0160KI VODJA: MAG. BORUT PAVLI\u010c)<\/span><\/em><\/strong><\/div>\n<div align=\"center\"><\/div>\n<div align=\"center\"><strong><em><span style=\"color: #000080; font-size: medium;\">*** INSTRUMENTALNO-VOKALNI ANSAMBEL DS KREDARICA<\/span><\/em><\/strong><\/div>\n<div align=\"center\"><strong><em><span style=\"color: #000080; font-size: medium;\">(VODJA: MILAN BIRE\u0160)<\/span><\/em><\/strong><\/div>\n<div align=\"center\"><\/div>\n<div style=\"text-align: left;\" align=\"center\"><a href=\"https:\/\/slovenci.rs\/wp-content\/uploads\/2013\/02\/Pozivnica.jpg\"><img loading=\"lazy\" decoding=\"async\" class=\"alignnone size-medium wp-image-829\" title=\"Pozivnica\" src=\"https:\/\/slovenci.rs\/wp-content\/uploads\/2013\/02\/Pozivnica-300x182.jpg\" alt=\"\" width=\"300\" height=\"182\" srcset=\"https:\/\/slovenci.rs\/wp-content\/uploads\/2013\/02\/Pozivnica-300x182.jpg 300w, https:\/\/slovenci.rs\/wp-content\/uploads\/2013\/02\/Pozivnica.jpg 800w\" sizes=\"auto, (max-width: 300px) 100vw, 300px\" \/><\/a><\/div>\n<div style=\"text-align: left;\" align=\"center\"><\/div>\n<div style=\"text-align: left;\" align=\"center\"><a href=\"https:\/\/slovenci.rs\/wp-content\/uploads\/2013\/02\/Vabilo.jpg\"><img loading=\"lazy\" decoding=\"async\" class=\"alignnone size-medium wp-image-830\" title=\"Vabilo\" src=\"https:\/\/slovenci.rs\/wp-content\/uploads\/2013\/02\/Vabilo-300x182.jpg\" alt=\"\" width=\"300\" height=\"182\" srcset=\"https:\/\/slovenci.rs\/wp-content\/uploads\/2013\/02\/Vabilo-300x182.jpg 300w, https:\/\/slovenci.rs\/wp-content\/uploads\/2013\/02\/Vabilo.jpg 800w\" sizes=\"auto, (max-width: 300px) 100vw, 300px\" \/><\/a><\/div>","protected":false},"excerpt":{"rendered":"<p>V A B I L O DRU\u0160TVO SLOVENCEV KREDARICA VAS\u00a0PRISR\u010cNO VABI, DA SE UDELE\u017dITE\u00a0SVE\u010cANE PROSLAVE PRE\u0160ERNOVEGA DNE, SLOVENSKEGA KULTURNEGA PRAZNIKA PRIREDITEV BO 8. FEBRUARJA 2013 V KULTURNEM CENTRU NOVEGA SADA (KATOLI\u010cKA PORTA 5) OB 19:00 URI IZVAJALCI: *** \u010cLANI DRAMSKEGA IN RECITATORSKEGA KRO\u017dKA DS KREDARICA (MENTORICA: RUT ZLOBEC) *** ME\u0160ANI PEVSKI ZBOR DS KREDARICA (DIRIGENTKA: [&hellip;]<\/p>\n","protected":false},"author":1,"featured_media":0,"comment_status":"closed","ping_status":"closed","sticky":false,"template":"","format":"standard","meta":{"footnotes":""},"categories":[1],"tags":[],"class_list":["post-828","post","type-post","status-publish","format-standard","hentry","category-uncategorized"],"_links":{"self":[{"href":"https:\/\/slovenci.rs\/sl\/wp-json\/wp\/v2\/posts\/828","targetHints":{"allow":["GET"]}}],"collection":[{"href":"https:\/\/slovenci.rs\/sl\/wp-json\/wp\/v2\/posts"}],"about":[{"href":"https:\/\/slovenci.rs\/sl\/wp-json\/wp\/v2\/types\/post"}],"author":[{"embeddable":true,"href":"https:\/\/slovenci.rs\/sl\/wp-json\/wp\/v2\/users\/1"}],"replies":[{"embeddable":true,"href":"https:\/\/slovenci.rs\/sl\/wp-json\/wp\/v2\/comments?post=828"}],"version-history":[{"count":5,"href":"https:\/\/slovenci.rs\/sl\/wp-json\/wp\/v2\/posts\/828\/revisions"}],"predecessor-version":[{"id":836,"href":"https:\/\/slovenci.rs\/sl\/wp-json\/wp\/v2\/posts\/828\/revisions\/836"}],"wp:attachment":[{"href":"https:\/\/slovenci.rs\/sl\/wp-json\/wp\/v2\/media?parent=828"}],"wp:term":[{"taxonomy":"category","embeddable":true,"href":"https:\/\/slovenci.rs\/sl\/wp-json\/wp\/v2\/categories?post=828"},{"taxonomy":"post_tag","embeddable":true,"href":"https:\/\/slovenci.rs\/sl\/wp-json\/wp\/v2\/tags?post=828"}],"curies":[{"name":"wp","href":"https:\/\/api.w.org\/{rel}","templated":true}]}}