{"id":832,"date":"2013-02-03T19:43:46","date_gmt":"2013-02-03T18:43:46","guid":{"rendered":"https:\/\/slovenci.rs\/?p=832"},"modified":"2013-02-03T19:43:46","modified_gmt":"2013-02-03T18:43:46","slug":"vabilo-na-ogled-dokumentarnega-filma-o-ivu-danevu-v-zrenjaninu","status":"publish","type":"post","link":"https:\/\/slovenci.rs\/sl\/vabilo-na-ogled-dokumentarnega-filma-o-ivu-danevu-v-zrenjaninu\/","title":{"rendered":"Vabilo na ogled dokumentarnega filma o Ivu Danevu v Zrenjaninu"},"content":{"rendered":"<div><span style=\"color: #990000; font-family: 'arial black', sans-serif; font-size: x-large;\"><strong>VABILO<\/strong><\/span><\/div>\n<div><span style=\"color: #990000; font-family: 'arial black', sans-serif; font-size: x-large;\"><br \/>\n<\/span><\/div>\n<div><span style=\"font-family: verdana, sans-serif; font-size: medium;\"><strong><span style=\"color: #990000;\">Dru\u0161tvo Slovencev Planika iz Zrenjanina<\/span><span style=\"color: #990000;\">\u00a0<\/span><\/strong><\/span><\/div>\n<div><span style=\"font-family: verdana, sans-serif; font-size: medium;\"><strong><span style=\"color: #990000;\"><br \/>\n<\/span><\/strong><\/span><\/div>\n<div><span style=\"font-family: verdana, sans-serif; font-size: medium;\"><strong><span style=\"color: #990000;\">Vas v sredo, 6. februarja 2013\u00a0<\/span><\/strong><\/span><\/div>\n<div><span style=\"font-family: verdana, sans-serif; font-size: medium;\"><strong><span style=\"color: #990000;\"><br \/>\n<\/span><\/strong><\/span><\/div>\n<div><span style=\"font-family: verdana, sans-serif; font-size: medium;\"><strong><span style=\"color: #990000;\">vabi ob po\u010dastitvi slovenskega Kulturnega praznika<\/span><\/strong><\/span><\/div>\n<div><span style=\"font-family: verdana, sans-serif; font-size: medium;\"><strong><span style=\"color: #990000;\"><br \/>\n<\/span><\/strong><\/span><\/div>\n<div><span style=\"font-family: verdana, sans-serif; font-size: medium;\"><strong><span style=\"color: #990000;\">na ogled dokumentarnega filma o slovenskem ko\u0161arka\u0161u Ivu Daneu.<\/span><\/strong><\/span><\/div>\n<div><span style=\"font-family: verdana, sans-serif; font-size: medium;\"><strong><span style=\"color: #990000;\"><br \/>\n<\/span><\/strong><\/span><\/div>\n<div><span style=\"font-family: verdana, sans-serif; font-size: medium;\"><strong><span style=\"color: #990000;\">Projekcija filma bo ob 18.00 uri v Kulturnem centru v Zrenjaninu.<\/span><\/strong><\/span><\/div>\n<div><span style=\"font-family: verdana, sans-serif; font-size: medium;\"><strong><span style=\"color: #990000;\"><br \/>\n<\/span><\/strong><\/span><\/div>\n<div><span style=\"font-family: verdana, sans-serif; font-size: medium;\"><strong><span style=\"color: #990000;\">Vljudno vabljeni!<\/span><\/strong><\/span><\/div>","protected":false},"excerpt":{"rendered":"<p>VABILO Dru\u0161tvo Slovencev Planika iz Zrenjanina\u00a0 Vas v sredo, 6. februarja 2013\u00a0 vabi ob po\u010dastitvi slovenskega Kulturnega praznika na ogled dokumentarnega filma o slovenskem ko\u0161arka\u0161u Ivu Daneu. Projekcija filma bo ob 18.00 uri v Kulturnem centru v Zrenjaninu. Vljudno vabljeni!<\/p>","protected":false},"author":1,"featured_media":0,"comment_status":"closed","ping_status":"closed","sticky":false,"template":"","format":"standard","meta":{"footnotes":""},"categories":[1],"tags":[],"class_list":["post-832","post","type-post","status-publish","format-standard","hentry","category-uncategorized"],"_links":{"self":[{"href":"https:\/\/slovenci.rs\/sl\/wp-json\/wp\/v2\/posts\/832","targetHints":{"allow":["GET"]}}],"collection":[{"href":"https:\/\/slovenci.rs\/sl\/wp-json\/wp\/v2\/posts"}],"about":[{"href":"https:\/\/slovenci.rs\/sl\/wp-json\/wp\/v2\/types\/post"}],"author":[{"embeddable":true,"href":"https:\/\/slovenci.rs\/sl\/wp-json\/wp\/v2\/users\/1"}],"replies":[{"embeddable":true,"href":"https:\/\/slovenci.rs\/sl\/wp-json\/wp\/v2\/comments?post=832"}],"version-history":[{"count":1,"href":"https:\/\/slovenci.rs\/sl\/wp-json\/wp\/v2\/posts\/832\/revisions"}],"predecessor-version":[{"id":833,"href":"https:\/\/slovenci.rs\/sl\/wp-json\/wp\/v2\/posts\/832\/revisions\/833"}],"wp:attachment":[{"href":"https:\/\/slovenci.rs\/sl\/wp-json\/wp\/v2\/media?parent=832"}],"wp:term":[{"taxonomy":"category","embeddable":true,"href":"https:\/\/slovenci.rs\/sl\/wp-json\/wp\/v2\/categories?post=832"},{"taxonomy":"post_tag","embeddable":true,"href":"https:\/\/slovenci.rs\/sl\/wp-json\/wp\/v2\/tags?post=832"}],"curies":[{"name":"wp","href":"https:\/\/api.w.org\/{rel}","templated":true}]}}