{"id":860,"date":"2013-02-13T23:11:56","date_gmt":"2013-02-13T22:11:56","guid":{"rendered":"https:\/\/slovenci.rs\/?p=860"},"modified":"2013-02-13T23:13:47","modified_gmt":"2013-02-13T22:13:47","slug":"kulturni-praznik-v-novem-sadu","status":"publish","type":"post","link":"https:\/\/slovenci.rs\/sl\/kulturni-praznik-v-novem-sadu\/","title":{"rendered":"Kulturni praznik v Novem Sadu"},"content":{"rendered":"<p>V dvorani pod kapo Kulturnega centra Novega Sada je 8. februarja 2013 v organizaciji Dru\u0161tva Slovencev Kredarica potekala prireditev s katero je dru\u0161tvo po\u010dastilo slovenski kulturni praznik, Pre\u0161ernov dan.<\/p>\n<p>&nbsp;<\/p>\n<p>Razen \u010dlanov dru\u0161tva, gostov in some\u0161\u010danov se je proslave udele\u017eil tudi \u010dastni konzul Republike Slovenije v Srbiji, pristojen za Vojvodino Rajko Mari\u0107, ki je obiskovalce pozdravil v imenu \u010dastnega konzulata, kot tudi v imenu veleposlanika Republike Slovenije v Srbiji Franca Buta in osebja veleposlani\u0161tva.<\/p>\n<p>&nbsp;<\/p>\n<p>Na potovanje skozi Pre\u0161ernovo \u017eivljenje, od otro\u0161tva do zadnjega dne ter njegovo ustvarjanje so obiskovalce povedli \u010dlani Dru\u0161tva Slovencev Kredarica in sicer u\u010denci dopolnilnega pouka sloven\u0161\u010dine pri dru\u0161tvu, od najmlaj\u0161ih do najstarej\u0161ih (mentorica Rut Zlobec), me\u0161ani pevski zbor (dirigentka Dunja Huzjan, klavirska spremljava Jovan Ranitovi\u0107), mo\u0161ka pevska skupina (umetni\u0161ki vodja mag. Borut Pavli\u010d, klavirska spremljava Jovan Ranitovi\u0107) ter igralni ansambel (vodja Milan Bire\u0161). Interpretacije Pre\u0161ernovih najbolj znanih pesmi ter uglasbljene verze so obogatili \u0161e pisani kostumi in slovenske no\u0161e v katerih so nastopali izvajalci.<\/p>\n<p>&nbsp;<\/p>\n<p>Po kon\u010dani proslavi so nastopajo\u010di, \u010dlani dru\u0161tva in gosti bili povabljeni na pogostitev v prostore dru\u0161tva. Za zdravico s kupico vina Pre\u0161eren zanesljivo ne bi imel ni\u010d proti. Posebej, kar so prisotni imeli \u0161e en poseben in prekrasen razlog za slavlje. Namre\u010d ravno na Pre\u0161ernov dan in v trenutkih, ko je potekala prireditev v Kulturnem centru v njegovo po\u010dastitev, je svet ugledal \u0161e en Slovenec v Novem Sadu: rodil se je vnuk predsednika Dru\u0161tva Slovencev Kredarica Ivana Zavrtanika, ki bo dobil ime po svojemu pradedku Marjanu, ki je davnega leta 1936 iz Slovenije pri\u0161el \u017eivet in delat v Novi Sad.<\/p>\n<p>&nbsp;<\/p>\n<p>Vsem Slovencem \u010destitke ob kulturnem prazniku, a mal\u010dku, njegovemu dedku in celi dru\u017eini najlep\u0161e \u017eelje!<\/p>\n<p>&nbsp;<\/p>\n<p><a href=\"https:\/\/slovenci.rs\/wp-content\/uploads\/2013\/02\/080.jpg\"><img loading=\"lazy\" decoding=\"async\" class=\"alignnone size-medium wp-image-861\" title=\"080\" src=\"https:\/\/slovenci.rs\/wp-content\/uploads\/2013\/02\/080-300x200.jpg\" alt=\"\" width=\"300\" height=\"200\" srcset=\"https:\/\/slovenci.rs\/wp-content\/uploads\/2013\/02\/080-300x200.jpg 300w, https:\/\/slovenci.rs\/wp-content\/uploads\/2013\/02\/080.jpg 1024w\" sizes=\"auto, (max-width: 300px) 100vw, 300px\" \/><\/a><\/p>\n<p>&nbsp;<\/p>\n<p><a href=\"https:\/\/slovenci.rs\/wp-content\/uploads\/2013\/02\/092.jpg\"><img loading=\"lazy\" decoding=\"async\" class=\"alignnone size-medium wp-image-862\" title=\"092\" src=\"https:\/\/slovenci.rs\/wp-content\/uploads\/2013\/02\/092-300x200.jpg\" alt=\"\" width=\"300\" height=\"200\" srcset=\"https:\/\/slovenci.rs\/wp-content\/uploads\/2013\/02\/092-300x200.jpg 300w, https:\/\/slovenci.rs\/wp-content\/uploads\/2013\/02\/092.jpg 1024w\" sizes=\"auto, (max-width: 300px) 100vw, 300px\" \/><\/a><\/p>\n<p>&nbsp;<\/p>\n<p>&nbsp;<\/p>\n<p><img decoding=\"async\" src=\"https:\/\/slovenci.rs\/wp-content\/uploads\/2013\/02\/131-300x200.jpg\" alt=\"\" \/><\/p>\n<p>&nbsp;<\/p>\n<p>&nbsp;<\/p>\n<p><a href=\"https:\/\/slovenci.rs\/wp-content\/uploads\/2013\/02\/217.jpg\"><img loading=\"lazy\" decoding=\"async\" class=\"alignnone size-medium wp-image-867\" title=\"217\" src=\"https:\/\/slovenci.rs\/wp-content\/uploads\/2013\/02\/217-300x200.jpg\" alt=\"\" width=\"300\" height=\"200\" srcset=\"https:\/\/slovenci.rs\/wp-content\/uploads\/2013\/02\/217-300x200.jpg 300w, https:\/\/slovenci.rs\/wp-content\/uploads\/2013\/02\/217.jpg 1024w\" sizes=\"auto, (max-width: 300px) 100vw, 300px\" \/><\/a><\/p>\n<p>&nbsp;<\/p>\n<p><a href=\"https:\/\/slovenci.rs\/wp-content\/uploads\/2013\/02\/174.jpg\"><img loading=\"lazy\" decoding=\"async\" class=\"alignnone size-medium wp-image-865\" title=\"174\" src=\"https:\/\/slovenci.rs\/wp-content\/uploads\/2013\/02\/174-300x200.jpg\" alt=\"\" width=\"300\" height=\"200\" srcset=\"https:\/\/slovenci.rs\/wp-content\/uploads\/2013\/02\/174-300x200.jpg 300w, https:\/\/slovenci.rs\/wp-content\/uploads\/2013\/02\/174.jpg 1024w\" sizes=\"auto, (max-width: 300px) 100vw, 300px\" \/><\/a><\/p>\n<p>&nbsp;<\/p>\n<p><a href=\"https:\/\/slovenci.rs\/wp-content\/uploads\/2013\/02\/147.jpg\"><img loading=\"lazy\" decoding=\"async\" class=\"alignnone size-medium wp-image-864\" title=\"147\" src=\"https:\/\/slovenci.rs\/wp-content\/uploads\/2013\/02\/147-300x200.jpg\" alt=\"\" width=\"300\" height=\"200\" srcset=\"https:\/\/slovenci.rs\/wp-content\/uploads\/2013\/02\/147-300x200.jpg 300w, https:\/\/slovenci.rs\/wp-content\/uploads\/2013\/02\/147.jpg 1024w\" sizes=\"auto, (max-width: 300px) 100vw, 300px\" \/><\/a><\/p>\n<p>&nbsp;<\/p>\n<p><a href=\"https:\/\/slovenci.rs\/wp-content\/uploads\/2013\/02\/1861.jpg\"><img loading=\"lazy\" decoding=\"async\" class=\"alignnone size-medium wp-image-868\" title=\"186\" src=\"https:\/\/slovenci.rs\/wp-content\/uploads\/2013\/02\/1861-300x200.jpg\" alt=\"\" width=\"300\" height=\"200\" srcset=\"https:\/\/slovenci.rs\/wp-content\/uploads\/2013\/02\/1861-300x200.jpg 300w, https:\/\/slovenci.rs\/wp-content\/uploads\/2013\/02\/1861.jpg 1024w\" sizes=\"auto, (max-width: 300px) 100vw, 300px\" \/><\/a><\/p>","protected":false},"excerpt":{"rendered":"<p>V dvorani pod kapo Kulturnega centra Novega Sada je 8. februarja 2013 v organizaciji Dru\u0161tva Slovencev Kredarica potekala prireditev s katero je dru\u0161tvo po\u010dastilo slovenski kulturni praznik, Pre\u0161ernov dan. &nbsp; Razen \u010dlanov dru\u0161tva, gostov in some\u0161\u010danov se je proslave udele\u017eil tudi \u010dastni konzul Republike Slovenije v Srbiji, pristojen za Vojvodino Rajko Mari\u0107, ki je obiskovalce [&hellip;]<\/p>\n","protected":false},"author":1,"featured_media":0,"comment_status":"closed","ping_status":"closed","sticky":false,"template":"","format":"standard","meta":{"footnotes":""},"categories":[1],"tags":[],"class_list":["post-860","post","type-post","status-publish","format-standard","hentry","category-uncategorized"],"_links":{"self":[{"href":"https:\/\/slovenci.rs\/sl\/wp-json\/wp\/v2\/posts\/860","targetHints":{"allow":["GET"]}}],"collection":[{"href":"https:\/\/slovenci.rs\/sl\/wp-json\/wp\/v2\/posts"}],"about":[{"href":"https:\/\/slovenci.rs\/sl\/wp-json\/wp\/v2\/types\/post"}],"author":[{"embeddable":true,"href":"https:\/\/slovenci.rs\/sl\/wp-json\/wp\/v2\/users\/1"}],"replies":[{"embeddable":true,"href":"https:\/\/slovenci.rs\/sl\/wp-json\/wp\/v2\/comments?post=860"}],"version-history":[{"count":3,"href":"https:\/\/slovenci.rs\/sl\/wp-json\/wp\/v2\/posts\/860\/revisions"}],"predecessor-version":[{"id":870,"href":"https:\/\/slovenci.rs\/sl\/wp-json\/wp\/v2\/posts\/860\/revisions\/870"}],"wp:attachment":[{"href":"https:\/\/slovenci.rs\/sl\/wp-json\/wp\/v2\/media?parent=860"}],"wp:term":[{"taxonomy":"category","embeddable":true,"href":"https:\/\/slovenci.rs\/sl\/wp-json\/wp\/v2\/categories?post=860"},{"taxonomy":"post_tag","embeddable":true,"href":"https:\/\/slovenci.rs\/sl\/wp-json\/wp\/v2\/tags?post=860"}],"curies":[{"name":"wp","href":"https:\/\/api.w.org\/{rel}","templated":true}]}}