{"id":878,"date":"2013-02-22T01:20:44","date_gmt":"2013-02-22T00:20:44","guid":{"rendered":"https:\/\/slovenci.rs\/?p=878"},"modified":"2013-02-22T01:20:54","modified_gmt":"2013-02-22T00:20:54","slug":"ob-svetovnem-dnevu-maternih-jezikov","status":"publish","type":"post","link":"https:\/\/slovenci.rs\/sl\/ob-svetovnem-dnevu-maternih-jezikov\/","title":{"rendered":"Ob svetovnem dnevu maternih jezikov"},"content":{"rendered":"<blockquote>\n<div dir=\"ltr\">\n<div dir=\"ltr\">\n<div>\n<div>\n<div dir=\"ltr\">\n<div>\n<div>\n<div dir=\"ltr\">\n<div>\n<div>\n<div dir=\"ltr\">\n<div>\n<div>\n<div dir=\"ltr\">\n<div>\n<div>\n<div dir=\"ltr\">\n<div>\n<div>\n<div dir=\"ltr\">\n<div>\n<div>\n<div dir=\"ltr\">\n<div>\n<div>\n<div dir=\"ltr\">\n<div>\n<div>\n<div dir=\"ltr\">\n<div>\n<div>\n<div dir=\"ltr\">\n<div>\n<p><span style=\"font-family: Cambria;\">Organizacija Zdru\u017eenih narodov za izobra\u017eevanje, znanost in kulturo Unesco je 21. februar\u00a0 razglasila za mednarodni dan maternih jezikov in osrednja tema leto\u0161njega mednarodnega dneva materin\u0161\u010dine je dostopnost knjig in digitalnih vsebin. V Srbiji imamo predstavniki slovenske narodne manj\u0161ine ve\u010d mo\u017enosti za u\u010denje in ohranjanje maternega jezika. Sloven\u0161\u010dine se lahko u\u010dimo v Dru\u0161tvih Slovencev, na jezikovnih te\u010dajih in tudi na univerzitetni ravni. Skozi kakovostne kulturne prireditve si prizadevamo promovirati dejavnost Slovencev \u017eive\u010dih v Srbiji in na ta na\u010din ohraniti slovenski jezik in slovensko kulturno izro\u010dilo v teh krajih.<\/span><\/p>\n<p><span style=\"font-family: Cambria;\">Glede na to, da je osrednja tema leto\u0161njega mednarodnega dneva maternih jezikov dostopnost knjig, vas spominjamo, da je veliko strokovnega in leposlovnega gradiva dostopno na spletnih straneh. Na primer, dragocene priro\u010dnike, kot so Slovar slovenskega knji\u017enega jezika in Slovenski pravopis najdemo na povezavah:\u00a0<a href=\"http:\/\/bos.zrc-sazu.si\/sskj.html\" target=\"_blank\"><span style=\"color: #0000ff;\">http:\/\/bos.zrc-sazu.si\/sskj.<wbr>html<\/wbr><\/span><\/a>\u00a0in\u00a0<a href=\"http:\/\/bos.zrc-sazu.si\/sp2001.html\" target=\"_blank\"><span style=\"color: #0000ff;\">http:\/\/bos.zrc-sazu.si\/sp2001.<wbr>html<\/wbr><\/span><\/a>.<\/span><\/p>\n<p><span style=\"font-family: Cambria;\">O razli\u010dnih mo\u017enostih u\u010denja sloven\u0161\u010dine se lahko obvestimo med drugim na naslovu<a href=\"http:\/\/www.slo.org.rs\/\" target=\"_blank\"><span style=\"color: #0000ff;\">www.slo.org.rs<\/span><\/a>, kjer najdemo tudi druge koristne informacije.\u00a0 Vabimo vas, da delovanje Nacionalnega sveta slovenske narodne manj\u0161ine, najvi\u0161jega predstavni\u0161kega telesa Slovencev v Republiki Srbiji spremljate na naslovu\u00a0<a href=\"https:\/\/slovenci.rs\/sl\/\" target=\"_blank\"><span style=\"color: #0000ff;\">www.slovenci.rs<\/span><\/a>.<\/span><\/p>\n<p><span style=\"font-family: Cambria;\">Ob dnevu maternega jezika vas prisr\u010dno pozdravljamo z znanimi besedami pisatelja Lojzeta Kova\u010di\u010da:\u00a0<em>\u00bbJezik je domovina, ki jo lahko vedno vzame\u0161 s seboj.\u00ab<\/em><\/span><\/p>\n<p><span style=\"font-family: Cambria;\">S spo\u0161tovanjem,<\/span><\/p>\n<p><span style=\"font-family: Cambria;\">Nacionalni svet slovenske narodne manj\u0161ine<\/span><\/p>\n<\/div>\n<\/div>\n<\/div>\n<\/div>\n<\/div>\n<\/div>\n<\/div>\n<\/div>\n<\/div>\n<\/div>\n<\/div>\n<\/div>\n<\/div>\n<\/div>\n<\/div>\n<\/div>\n<\/div>\n<\/div>\n<\/div>\n<\/div>\n<\/div>\n<\/div>\n<\/div>\n<\/div>\n<\/div>\n<\/div>\n<\/div>\n<\/div>\n<\/div>\n<\/div>\n<\/div>\n<\/div>\n<\/div>\n<\/blockquote>\n<div><\/div>\n<div><\/div>\n<div>\u00a0Izjava ministrice Ljudmile Novak ob svetovnem dnevu maternih jezikov:<\/div>\n<div><\/div>\n<div><a href=\"http:\/\/www.uszs.gov.si\/nc\/si\/medijsko_sredisce\/novica\/article\/737\/2752\/\" target=\"_blank\">http:\/\/www.uszs.gov.si\/nc\/si\/<wbr>medijsko_sredisce\/novica\/<wbr>article\/737\/2752\/<\/wbr><\/wbr><\/a><\/div>","protected":false},"excerpt":{"rendered":"<p>Organizacija Zdru\u017eenih narodov za izobra\u017eevanje, znanost in kulturo Unesco je 21. februar\u00a0 razglasila za mednarodni dan maternih jezikov in osrednja tema leto\u0161njega mednarodnega dneva materin\u0161\u010dine je dostopnost knjig in digitalnih vsebin. V Srbiji imamo predstavniki slovenske narodne manj\u0161ine ve\u010d mo\u017enosti za u\u010denje in ohranjanje maternega jezika. Sloven\u0161\u010dine se lahko u\u010dimo v Dru\u0161tvih Slovencev, na jezikovnih [&hellip;]<\/p>\n","protected":false},"author":1,"featured_media":0,"comment_status":"closed","ping_status":"closed","sticky":false,"template":"","format":"standard","meta":{"footnotes":""},"categories":[1],"tags":[],"class_list":["post-878","post","type-post","status-publish","format-standard","hentry","category-uncategorized"],"_links":{"self":[{"href":"https:\/\/slovenci.rs\/sl\/wp-json\/wp\/v2\/posts\/878","targetHints":{"allow":["GET"]}}],"collection":[{"href":"https:\/\/slovenci.rs\/sl\/wp-json\/wp\/v2\/posts"}],"about":[{"href":"https:\/\/slovenci.rs\/sl\/wp-json\/wp\/v2\/types\/post"}],"author":[{"embeddable":true,"href":"https:\/\/slovenci.rs\/sl\/wp-json\/wp\/v2\/users\/1"}],"replies":[{"embeddable":true,"href":"https:\/\/slovenci.rs\/sl\/wp-json\/wp\/v2\/comments?post=878"}],"version-history":[{"count":2,"href":"https:\/\/slovenci.rs\/sl\/wp-json\/wp\/v2\/posts\/878\/revisions"}],"predecessor-version":[{"id":880,"href":"https:\/\/slovenci.rs\/sl\/wp-json\/wp\/v2\/posts\/878\/revisions\/880"}],"wp:attachment":[{"href":"https:\/\/slovenci.rs\/sl\/wp-json\/wp\/v2\/media?parent=878"}],"wp:term":[{"taxonomy":"category","embeddable":true,"href":"https:\/\/slovenci.rs\/sl\/wp-json\/wp\/v2\/categories?post=878"},{"taxonomy":"post_tag","embeddable":true,"href":"https:\/\/slovenci.rs\/sl\/wp-json\/wp\/v2\/tags?post=878"}],"curies":[{"name":"wp","href":"https:\/\/api.w.org\/{rel}","templated":true}]}}