{"id":889,"date":"2013-02-26T20:50:25","date_gmt":"2013-02-26T19:50:25","guid":{"rendered":"https:\/\/slovenci.rs\/?p=889"},"modified":"2013-02-27T17:01:10","modified_gmt":"2013-02-27T16:01:10","slug":"vabilo-na-predstavitev-knjige-ljubljana-in-pogovor-z-avtorico-meto-kuasar","status":"publish","type":"post","link":"https:\/\/slovenci.rs\/sl\/vabilo-na-predstavitev-knjige-ljubljana-in-pogovor-z-avtorico-meto-kuasar\/","title":{"rendered":"Vabilo na predstavitev knjige Ljubljana in pogovor z avtorico Meto Ku\u0161ar"},"content":{"rendered":"<p>Veleposlani\u0161tvo Republike Slovenije in dru\u0161tvo Slovencev Sava vas vabita na<br \/>\npredstavitev srbskega prevoda pesni\u0161ke zbirke \u00bbLjubljana\u00ab (iz\u0161el je pri<br \/>\nnovosadski zalo\u017ebi Prometej) \u00a0priznane slovenske pesnice, esejistke in<br \/>\npublicistke Mete Ku\u0161ar, ki bo v sredo, 6. marca ob 18. uri v prostorih<br \/>\ndru\u0161tva Sava na Terazijah 3 \/IX v Beogradu. Na dogodku bo o svojem delu<br \/>\nspregovorila sama avtorica, njene pesmi pa bo brala priznana slovenska<br \/>\nigralka Maja Blagovi\u010d.Po predstavitvi bo prilo\u017enost za dru\u017eenje ob kozar\u010dku slovenskega vina.<\/p>\n<div><\/div>\n<div><\/div>\n<p>V okviru 19. mednarodnega Salona knjig, ki bo v Novem Sadu na Novosadskem sejmu od 28. februarja do 5. marca 2013, bo gostovala tudi slovenska pesnica, publicistka in\u00a0esejistka Meta Ku\u0161ar iz Ljubljane. Kot gostja-pisateljica, bo svojo ustvarjalnost ter posebej delo\u00a0<em>Ljubljana<\/em>\u00a0predstavila 5. marca od 11:00 &#8211; 12:00 ure na salonskem odru (Bina-Salon knjiga). Ve\u010d o programu Salona knjig si lahko ogledate na spletni strani:\u00a0<span style=\"font-size: small;\"><a href=\"http:\/\/www.sajam.net\/live\/digitalAssets\/93\/93844_program_pdf.pdf\" target=\"_blank\">http:\/\/www.sajam.net\/live\/<wbr>digitalAssets\/93\/93844_<wbr>program_pdf.pdf<\/wbr><\/wbr><\/a><\/span><\/p>\n<div>\n<div><\/div>\n<div>Vljudno vabljeni!<\/div>\n<\/div>","protected":false},"excerpt":{"rendered":"<p>Veleposlani\u0161tvo Republike Slovenije in dru\u0161tvo Slovencev Sava vas vabita na predstavitev srbskega prevoda pesni\u0161ke zbirke \u00bbLjubljana\u00ab (iz\u0161el je pri novosadski zalo\u017ebi Prometej) \u00a0priznane slovenske pesnice, esejistke in publicistke Mete Ku\u0161ar, ki bo v sredo, 6. marca ob 18. uri v prostorih dru\u0161tva Sava na Terazijah 3 \/IX v Beogradu. Na dogodku bo o svojem delu [&hellip;]<\/p>\n","protected":false},"author":1,"featured_media":0,"comment_status":"closed","ping_status":"closed","sticky":false,"template":"","format":"standard","meta":{"footnotes":""},"categories":[1],"tags":[],"class_list":["post-889","post","type-post","status-publish","format-standard","hentry","category-uncategorized"],"_links":{"self":[{"href":"https:\/\/slovenci.rs\/sl\/wp-json\/wp\/v2\/posts\/889","targetHints":{"allow":["GET"]}}],"collection":[{"href":"https:\/\/slovenci.rs\/sl\/wp-json\/wp\/v2\/posts"}],"about":[{"href":"https:\/\/slovenci.rs\/sl\/wp-json\/wp\/v2\/types\/post"}],"author":[{"embeddable":true,"href":"https:\/\/slovenci.rs\/sl\/wp-json\/wp\/v2\/users\/1"}],"replies":[{"embeddable":true,"href":"https:\/\/slovenci.rs\/sl\/wp-json\/wp\/v2\/comments?post=889"}],"version-history":[{"count":8,"href":"https:\/\/slovenci.rs\/sl\/wp-json\/wp\/v2\/posts\/889\/revisions"}],"predecessor-version":[{"id":897,"href":"https:\/\/slovenci.rs\/sl\/wp-json\/wp\/v2\/posts\/889\/revisions\/897"}],"wp:attachment":[{"href":"https:\/\/slovenci.rs\/sl\/wp-json\/wp\/v2\/media?parent=889"}],"wp:term":[{"taxonomy":"category","embeddable":true,"href":"https:\/\/slovenci.rs\/sl\/wp-json\/wp\/v2\/categories?post=889"},{"taxonomy":"post_tag","embeddable":true,"href":"https:\/\/slovenci.rs\/sl\/wp-json\/wp\/v2\/tags?post=889"}],"curies":[{"name":"wp","href":"https:\/\/api.w.org\/{rel}","templated":true}]}}