{"id":898,"date":"2013-03-05T00:46:17","date_gmt":"2013-03-04T23:46:17","guid":{"rendered":"https:\/\/slovenci.rs\/?p=898"},"modified":"2013-03-05T00:46:17","modified_gmt":"2013-03-04T23:46:17","slug":"festival-narodnog-stvaralastva-nacionalnih-manjina","status":"publish","type":"post","link":"https:\/\/slovenci.rs\/sl\/festival-narodnog-stvaralastva-nacionalnih-manjina\/","title":{"rendered":"Festival Narodnog stvarala\u0161tva nacionalnih manjina"},"content":{"rendered":"<p>Po\u0161tovani,<\/p>\n<p>Obave\u0161tavamo Vas da sru\u0161tvo veterana folklora *SPOMENAR* iz Beograda u saradnji sa Ustanovom Kulture Palilula i KUD \u2019\u2019\u010cukarica\u2019\u2019, po prvi put organizuje Festival narodnog stvarala\u0161tva nacionalnih manjina Srbije, koji \u0107e se odr\u017eati dana 25.05.2013 god. Sa po\u010detkom u 19 \u010dasova u Ustanovi kulture Palilula (u kojoj sedi\u0161te ima i nacionalni ansambl *KOLO*).<\/p>\n<p>&nbsp;<\/p>\n<p>Cilj ovoga festivala je da se na najbolji na\u010din prika\u017ee u\u010de\u0161\u0107e Nacionalnih manjina u o\u010duvanju njihove tradicije i kulture, kao i njihovo u\u010de\u0161\u0107e u kulturnom stvarala\u0161tvu u Srbiji.<\/p>\n<p>&nbsp;<\/p>\n<p align=\"center\">NA FESTIVALU MOGU NASTUPITI KULTURNO-UMETNI\u010cKA DRU\u0160TVA, HOROVI, ORKESTRI, GRUPE PEVA\u010cA NACIONALNIH MANJINA &#8211; DE\u010cIJIH, OMLADINSKIH I VETERANSKIH ANSAMBALA.<\/p>\n<p align=\"center\">\n<p>Posle sve\u010danog koncerta predvi\u0111eno je zajedni\u010dko dru\u017eenje, uz muziku i igru, svih u\u010desnika Festivala u cilju zbli\u017eavanja i dalje saradnje.<\/p>\n<p>&nbsp;<\/p>\n<p>Predvieno je, tako\u0111e, da se pre koncerta, u toku dana,svim ansamblima koji to budu \u017eeleli omogu\u0107i razgledanje znamenitosti Beograda. Postoji mogu\u0107nost da se izrade programi razgledanja po \u017eelji u\u010desnika o \u010demu bi se posebno dogovorili sa organizatorom Festivala.<\/p>\n<p>&nbsp;<\/p>\n<p>Tako\u0111e, napominjemo, da svim zainteresovanim grupama, ukoliko \u017eele da ostanu jo\u0161 neki dan u Beogradu, mo\u017eemo da ponudimo sme\u0161taj i ishranu po najpovoljnijim cenama (naravno da grupe mogu i same da obezbede sma\u0161taj ukoliko to \u017eele).<\/p>\n<p>&nbsp;<\/p>\n<p>Pored diploma za u\u010de\u0161\u0107e na festivalu svaki ansambl ili grupa \u0107e dobiti i DVD-i sa Festivala, kao i jednu grupnu fotografiju ansambla ili grupe u\u010desnika Festivala.<\/p>\n<p>Svi zainteresovani za u\u010de\u0161\u0107e na Festivalu mogu nas kontaktirati bilo Telfonom:\u00a0\u00a0\u00a0\u00a0\u00a0\u00a0\u00a0\u00a0\u00a0 011-2447967, 063\/8833093 ili putem ejl adrese: <a href=\"mailto:spomenarf@gmail.com\">spomenarf@gmail.com<\/a>. Kako bi dobili detaljna obave\u0161tenja o propozicijamaza Festival.<\/p>\n<p>&nbsp;<\/p>\n<p>Napominjemo\u00a0 da je broj u\u010desnika ograni\u010den pa \u0107e se prijave za u\u010de\u0161\u0107e uzimati redosledom kojim budu stizale do popunjavanja optimalnog brojau\u010desnika, a krajnji rok za prijavljivanje je 10.04.2013 god.<\/p>\n<p>&nbsp;<\/p>\n<p>za dru\u0161tvo *SPOMENAR*<\/p>\n<p>Milan Dautovi\u0107 director<\/p>\n<p>&nbsp;<\/p>","protected":false},"excerpt":{"rendered":"<p>Po\u0161tovani, Obave\u0161tavamo Vas da sru\u0161tvo veterana folklora *SPOMENAR* iz Beograda u saradnji sa Ustanovom Kulture Palilula i KUD \u2019\u2019\u010cukarica\u2019\u2019, po prvi put organizuje Festival narodnog stvarala\u0161tva nacionalnih manjina Srbije, koji \u0107e se odr\u017eati dana 25.05.2013 god. Sa po\u010detkom u 19 \u010dasova u Ustanovi kulture Palilula (u kojoj sedi\u0161te ima i nacionalni ansambl *KOLO*). &nbsp; Cilj [&hellip;]<\/p>\n","protected":false},"author":1,"featured_media":0,"comment_status":"closed","ping_status":"closed","sticky":false,"template":"","format":"standard","meta":{"footnotes":""},"categories":[1],"tags":[],"class_list":["post-898","post","type-post","status-publish","format-standard","hentry","category-uncategorized"],"_links":{"self":[{"href":"https:\/\/slovenci.rs\/sl\/wp-json\/wp\/v2\/posts\/898","targetHints":{"allow":["GET"]}}],"collection":[{"href":"https:\/\/slovenci.rs\/sl\/wp-json\/wp\/v2\/posts"}],"about":[{"href":"https:\/\/slovenci.rs\/sl\/wp-json\/wp\/v2\/types\/post"}],"author":[{"embeddable":true,"href":"https:\/\/slovenci.rs\/sl\/wp-json\/wp\/v2\/users\/1"}],"replies":[{"embeddable":true,"href":"https:\/\/slovenci.rs\/sl\/wp-json\/wp\/v2\/comments?post=898"}],"version-history":[{"count":1,"href":"https:\/\/slovenci.rs\/sl\/wp-json\/wp\/v2\/posts\/898\/revisions"}],"predecessor-version":[{"id":899,"href":"https:\/\/slovenci.rs\/sl\/wp-json\/wp\/v2\/posts\/898\/revisions\/899"}],"wp:attachment":[{"href":"https:\/\/slovenci.rs\/sl\/wp-json\/wp\/v2\/media?parent=898"}],"wp:term":[{"taxonomy":"category","embeddable":true,"href":"https:\/\/slovenci.rs\/sl\/wp-json\/wp\/v2\/categories?post=898"},{"taxonomy":"post_tag","embeddable":true,"href":"https:\/\/slovenci.rs\/sl\/wp-json\/wp\/v2\/tags?post=898"}],"curies":[{"name":"wp","href":"https:\/\/api.w.org\/{rel}","templated":true}]}}