{"id":901,"date":"2013-03-06T16:34:57","date_gmt":"2013-03-06T15:34:57","guid":{"rendered":"https:\/\/slovenci.rs\/?p=901"},"modified":"2013-03-06T16:34:57","modified_gmt":"2013-03-06T15:34:57","slug":"izjava-sveta-za-slovence-po-svetu","status":"publish","type":"post","link":"https:\/\/slovenci.rs\/sl\/izjava-sveta-za-slovence-po-svetu\/","title":{"rendered":"Izjava Sveta za Slovence po svetu"},"content":{"rendered":"<p>\u010clani Sveta Vlade Republike Slovenije za Slovence po svetu z veliko zaskrbljenostjo gledamo na namero morebitne nove vladne koalicije, de ukine ministrstvo brez listnice, ki je zadol\u017eeno za Slovence v zamejstvu in po svetu, pristojni urad pa pripoji ministrstvu za kulturo. \u010clani sveta menimo, da bi uresni\u010ditev teh dveh potez pomenila nazadovanje v razvoju slovenske dr\u017eave po dvajsetih letih osamosvojitve in pol milijona Slovencem zunaj meja bi bila tako odvzeta zaslomba, ki jim jo je mati\u010dna dr\u017eava nudila do sedaj. Zadovoljivo delovanje ministrstva in urada v mandatih vlad iz razli\u010dnega politi\u010dnega prostora je dovolj jasen razlog za ohranitev samostojnega ministrstva. Obe dosedanji vladi in oba ministra sta razumela pomembnost resorja, ki ni le v vladnem, temve\u010d v narodnem interesu in spada v dr\u017eavno politiko Republike Slovenije. Izhod iz dosedanje krize gotovo ne bo la\u017eji po oslabitvi povezave domovine z rojaki v zamejstvu in po svetu. Nasprotno, to povezavo bi bilo treba \u0161e okrepiti! Zni\u017eanje nivoja in prizadeta avtonomija urada bi Slovence v zamejstvu in po svetu o\u0161kodovala in jih spet nerazumljivo postavila v \u010duden drugorazredni polo\u017eaj. Upamo in pri\u010dakujemo, da do realizacije omenjene pobude ne bo pri\u0161lo, in da bo morebitna nova vlada Slovence v zamejstvu in po svetu \u0161e naprej upo\u0161tevala kot polnopravne partnerje in delovala povezovalno, v dobro krepitve mednarodnega polo\u017eaja Republike Slovenije ter njenih razvojnih potencialov.<\/p>\n<p>&nbsp;<\/p>\n<p>Dr. Andrej Fink, Argentina; Tone Mizerit, Argentina; Florjan Auser, Avstralija; Peter Mandelj, Avstralija; Jo\u017eef \u0160pringer, Bosna in Hercegovina; Martin \u010crnugelj, Brazilija; Marjan Kolari\u010d, Kanada; Ur\u0161ka Kupec, Kitajska; Gabrijela \u017dagar, Nem\u010dija; Metka Dijkstra-Murko, Nizozemska; dr. Maja \u0110ukanovi\u0107, Srbija; Ivan Kamin, ZDA; Milan Ribi\u010d, ZDA; dr. Boris Pleskovi\u010d, Svetovni slovenski kongres.<\/p>","protected":false},"excerpt":{"rendered":"<p>\u010clani Sveta Vlade Republike Slovenije za Slovence po svetu z veliko zaskrbljenostjo gledamo na namero morebitne nove vladne koalicije, de ukine ministrstvo brez listnice, ki je zadol\u017eeno za Slovence v zamejstvu in po svetu, pristojni urad pa pripoji ministrstvu za kulturo. \u010clani sveta menimo, da bi uresni\u010ditev teh dveh potez pomenila nazadovanje v razvoju slovenske [&hellip;]<\/p>\n","protected":false},"author":1,"featured_media":0,"comment_status":"closed","ping_status":"closed","sticky":false,"template":"","format":"standard","meta":{"footnotes":""},"categories":[1],"tags":[],"class_list":["post-901","post","type-post","status-publish","format-standard","hentry","category-uncategorized"],"_links":{"self":[{"href":"https:\/\/slovenci.rs\/sl\/wp-json\/wp\/v2\/posts\/901","targetHints":{"allow":["GET"]}}],"collection":[{"href":"https:\/\/slovenci.rs\/sl\/wp-json\/wp\/v2\/posts"}],"about":[{"href":"https:\/\/slovenci.rs\/sl\/wp-json\/wp\/v2\/types\/post"}],"author":[{"embeddable":true,"href":"https:\/\/slovenci.rs\/sl\/wp-json\/wp\/v2\/users\/1"}],"replies":[{"embeddable":true,"href":"https:\/\/slovenci.rs\/sl\/wp-json\/wp\/v2\/comments?post=901"}],"version-history":[{"count":1,"href":"https:\/\/slovenci.rs\/sl\/wp-json\/wp\/v2\/posts\/901\/revisions"}],"predecessor-version":[{"id":902,"href":"https:\/\/slovenci.rs\/sl\/wp-json\/wp\/v2\/posts\/901\/revisions\/902"}],"wp:attachment":[{"href":"https:\/\/slovenci.rs\/sl\/wp-json\/wp\/v2\/media?parent=901"}],"wp:term":[{"taxonomy":"category","embeddable":true,"href":"https:\/\/slovenci.rs\/sl\/wp-json\/wp\/v2\/categories?post=901"},{"taxonomy":"post_tag","embeddable":true,"href":"https:\/\/slovenci.rs\/sl\/wp-json\/wp\/v2\/tags?post=901"}],"curies":[{"name":"wp","href":"https:\/\/api.w.org\/{rel}","templated":true}]}}