{"id":905,"date":"2013-03-11T16:14:24","date_gmt":"2013-03-11T15:14:24","guid":{"rendered":"https:\/\/slovenci.rs\/?p=905"},"modified":"2013-03-11T16:14:24","modified_gmt":"2013-03-11T15:14:24","slug":"dnevi-etnografskega-filma-sita-in-reseta-mojstra-debeljaka","status":"publish","type":"post","link":"https:\/\/slovenci.rs\/sl\/dnevi-etnografskega-filma-sita-in-reseta-mojstra-debeljaka\/","title":{"rendered":"Dnevi etnografskega filma &#8211; &#8222;Sita in re\u0161eta mojstra Debeljaka&#8220;"},"content":{"rendered":"<div>Film o Ivanu Debeljaku in njegovi dru\u017eini &#8222;Sita in re\u0161eta mojstra Debeljaka&#8220;, v re\u017eiji Dragomira Zupanca odpira Dneve etnografskega filma<\/div>\n<div>v Ljubljani, v ponedeljek 11. marca ob 19.00.<\/div>\n<div>Film je sofinanciral Nacionalni svet slovenske narodne manj\u0161ine.<\/p>\n<div>\n<blockquote><p>Katalog filma si oglejete na:\u00a0<a href=\"http:\/\/www.def.si\/vsebina\/DEF_2013_web.pdf\" target=\"_blank\">http:\/\/www.def.si\/vsebina\/<wbr>DEF_2013_web.pdf<\/wbr><\/a><\/p><\/blockquote>\n<\/div>\n<\/div>","protected":false},"excerpt":{"rendered":"<p>Film o Ivanu Debeljaku in njegovi dru\u017eini &#8222;Sita in re\u0161eta mojstra Debeljaka&#8220;, v re\u017eiji Dragomira Zupanca odpira Dneve etnografskega filma v Ljubljani, v ponedeljek 11. marca ob 19.00. Film je sofinanciral Nacionalni svet slovenske narodne manj\u0161ine. Katalog filma si oglejete na:\u00a0http:\/\/www.def.si\/vsebina\/DEF_2013_web.pdf<\/p>","protected":false},"author":1,"featured_media":0,"comment_status":"closed","ping_status":"closed","sticky":false,"template":"","format":"standard","meta":{"footnotes":""},"categories":[1],"tags":[],"class_list":["post-905","post","type-post","status-publish","format-standard","hentry","category-uncategorized"],"_links":{"self":[{"href":"https:\/\/slovenci.rs\/sl\/wp-json\/wp\/v2\/posts\/905","targetHints":{"allow":["GET"]}}],"collection":[{"href":"https:\/\/slovenci.rs\/sl\/wp-json\/wp\/v2\/posts"}],"about":[{"href":"https:\/\/slovenci.rs\/sl\/wp-json\/wp\/v2\/types\/post"}],"author":[{"embeddable":true,"href":"https:\/\/slovenci.rs\/sl\/wp-json\/wp\/v2\/users\/1"}],"replies":[{"embeddable":true,"href":"https:\/\/slovenci.rs\/sl\/wp-json\/wp\/v2\/comments?post=905"}],"version-history":[{"count":1,"href":"https:\/\/slovenci.rs\/sl\/wp-json\/wp\/v2\/posts\/905\/revisions"}],"predecessor-version":[{"id":906,"href":"https:\/\/slovenci.rs\/sl\/wp-json\/wp\/v2\/posts\/905\/revisions\/906"}],"wp:attachment":[{"href":"https:\/\/slovenci.rs\/sl\/wp-json\/wp\/v2\/media?parent=905"}],"wp:term":[{"taxonomy":"category","embeddable":true,"href":"https:\/\/slovenci.rs\/sl\/wp-json\/wp\/v2\/categories?post=905"},{"taxonomy":"post_tag","embeddable":true,"href":"https:\/\/slovenci.rs\/sl\/wp-json\/wp\/v2\/tags?post=905"}],"curies":[{"name":"wp","href":"https:\/\/api.w.org\/{rel}","templated":true}]}}