{"id":914,"date":"2013-03-14T21:42:17","date_gmt":"2013-03-14T20:42:17","guid":{"rendered":"https:\/\/slovenci.rs\/?p=914"},"modified":"2013-03-14T21:42:17","modified_gmt":"2013-03-14T20:42:17","slug":"tecaji-slovenscine","status":"publish","type":"post","link":"https:\/\/slovenci.rs\/sl\/tecaji-slovenscine\/","title":{"rendered":"Te\u010daji sloven\u0161\u010dine"},"content":{"rendered":"<p><span style=\"font-family: Calibri; font-size: small;\">Spo\u0161tovani,<\/span><br \/>\n<span style=\"font-family: Calibri; font-size: small;\">\u00a0<\/span><br \/>\n<span style=\"font-family: Calibri; font-size: small;\">obve\u0161\u010damo vas o te\u010dajih sloven\u0161\u010dine spomladi in poleti:<\/span><br \/>\n<span style=\"font-family: Calibri; font-size: small;\">\u00a0<\/span><br \/>\n<img decoding=\"async\" src=\"http:\/\/cid:_1_06F462C406F460700030EE7FC1257B2E\/\" alt=\"\" \/><span style=\"font-family: Symbol; font-size: small;\">\u00a0 \u00a0 \u00a0 \u00a0\u00a0<\/span><span style=\"font-family: Calibri; font-size: small;\"><strong>Okusimo sloven\u0161\u010dino<\/strong>\u00a0(28. marec-6. junij 2013): 30-urni popoldanski te\u010daj za za\u010detnike (A1). Enkrat na teden po 3 \u0161olske ure, ob \u010detrtkih od 18.00 do 20.30 v prostorih Filozofske fakultete na Toba\u010dni ulici 5. Primeren za zelo zaposlene!\u00a0<\/span><a href=\"http:\/\/www.centerslo.net\/l2.asp?L1_ID=1&amp;L2_ID=121&amp;LANG=slo\" target=\"_blank\"><span style=\"color: blue; font-family: Calibri; font-size: small;\"><span style=\"text-decoration: underline;\">Ve\u010d .<\/span><\/span><\/a><br \/>\n<span style=\"font-family: Calibri; font-size: small;\">\u00a0<\/span><br \/>\n<img decoding=\"async\" src=\"http:\/\/cid:_1_06F46D1406F46AEC0030EE7FC1257B2E\/\" alt=\"\" \/><span style=\"font-family: Symbol; font-size: small;\">\u00a0 \u00a0 \u00a0 \u00a0\u00a0<\/span><span style=\"font-family: Calibri; font-size: small;\"><strong>Intenzivni te\u010daj<\/strong>\u00a0<strong>slovenskega jezika<\/strong>\u00a0(3.-7. junij 2013): 20-urni popoldanski te\u010daj je enotedenska prilo\u017enost za spoznavanje najosnovnej\u0161ih sporazumevalnih vzorcev ali osve\u017eitev \u017ee znanega. Od ponedeljka do petka od 17.00 do 20.30 na Filozofski fakulteti na A\u0161ker\u010devi 2.\u00a0<\/span><a href=\"http:\/\/www.centerslo.net\/l2.asp?L1_ID=1&amp;L2_ID=16&amp;LANG=slo\" target=\"_blank\"><span style=\"color: blue; font-family: Calibri; font-size: small;\"><span style=\"text-decoration: underline;\">Ve\u010d .<\/span><\/span><\/a><br \/>\n<span style=\"font-family: Calibri; font-size: small;\">\u00a0<\/span><br \/>\n<img decoding=\"async\" src=\"http:\/\/cid:_1_06F4782806F475D40030EE7FC1257B2E\/\" alt=\"\" \/><span style=\"font-family: Symbol; font-size: small;\">\u00a0 \u00a0 \u00a0 \u00a0\u00a0<\/span><span style=\"font-family: Calibri; font-size: small;\"><strong>32. Poletna \u0161ola slovenskega jezika<\/strong>\u00a0(1.-26. julij 2013): 2- ali 4-tedenski dopoldanski te\u010daj, najrazli\u010dnej\u0161i popoldanski te\u010daji in pester spremljevalni program &#8211; v dru\u017ebi ve\u010d kot 130 udele\u017eencev z vsega sveta! Od ponedeljka do petka na Filozofski fakulteti na A\u0161ker\u010devi 2.\u00a0<\/span><a href=\"http:\/\/www.centerslo.net\/l2.asp?L1_ID=1&amp;L2_ID=1&amp;LANG=slo\" target=\"_blank\"><span style=\"color: blue; font-family: Calibri; font-size: small;\"><span style=\"text-decoration: underline;\">Ve\u010d .<\/span><\/span><\/a><br \/>\n<span style=\"font-family: Calibri; font-size: small;\">\u00a0<\/span><br \/>\n<span style=\"font-family: Calibri; font-size: small;\">Vljudno vas prosimo, da informacije posredujete morebitnim interesentom.<\/span><br \/>\n<span style=\"font-family: Calibri; font-size: small;\">\u00a0<\/span><\/p>","protected":false},"excerpt":{"rendered":"<p>Spo\u0161tovani, \u00a0 obve\u0161\u010damo vas o te\u010dajih sloven\u0161\u010dine spomladi in poleti: \u00a0 \u00a0 \u00a0 \u00a0 \u00a0\u00a0Okusimo sloven\u0161\u010dino\u00a0(28. marec-6. junij 2013): 30-urni popoldanski te\u010daj za za\u010detnike (A1). Enkrat na teden po 3 \u0161olske ure, ob \u010detrtkih od 18.00 do 20.30 v prostorih Filozofske fakultete na Toba\u010dni ulici 5. Primeren za zelo zaposlene!\u00a0Ve\u010d . \u00a0 \u00a0 \u00a0 \u00a0 [&hellip;]<\/p>\n","protected":false},"author":1,"featured_media":0,"comment_status":"closed","ping_status":"closed","sticky":false,"template":"","format":"standard","meta":{"footnotes":""},"categories":[1],"tags":[],"class_list":["post-914","post","type-post","status-publish","format-standard","hentry","category-uncategorized"],"_links":{"self":[{"href":"https:\/\/slovenci.rs\/sl\/wp-json\/wp\/v2\/posts\/914","targetHints":{"allow":["GET"]}}],"collection":[{"href":"https:\/\/slovenci.rs\/sl\/wp-json\/wp\/v2\/posts"}],"about":[{"href":"https:\/\/slovenci.rs\/sl\/wp-json\/wp\/v2\/types\/post"}],"author":[{"embeddable":true,"href":"https:\/\/slovenci.rs\/sl\/wp-json\/wp\/v2\/users\/1"}],"replies":[{"embeddable":true,"href":"https:\/\/slovenci.rs\/sl\/wp-json\/wp\/v2\/comments?post=914"}],"version-history":[{"count":1,"href":"https:\/\/slovenci.rs\/sl\/wp-json\/wp\/v2\/posts\/914\/revisions"}],"predecessor-version":[{"id":915,"href":"https:\/\/slovenci.rs\/sl\/wp-json\/wp\/v2\/posts\/914\/revisions\/915"}],"wp:attachment":[{"href":"https:\/\/slovenci.rs\/sl\/wp-json\/wp\/v2\/media?parent=914"}],"wp:term":[{"taxonomy":"category","embeddable":true,"href":"https:\/\/slovenci.rs\/sl\/wp-json\/wp\/v2\/categories?post=914"},{"taxonomy":"post_tag","embeddable":true,"href":"https:\/\/slovenci.rs\/sl\/wp-json\/wp\/v2\/tags?post=914"}],"curies":[{"name":"wp","href":"https:\/\/api.w.org\/{rel}","templated":true}]}}