{"id":920,"date":"2013-03-25T16:58:32","date_gmt":"2013-03-25T15:58:32","guid":{"rendered":"https:\/\/slovenci.rs\/?p=920"},"modified":"2013-03-25T16:58:32","modified_gmt":"2013-03-25T15:58:32","slug":"43-medunarodno-takmicenje-muzicke-omladine-u-solo-pevanju","status":"publish","type":"post","link":"https:\/\/slovenci.rs\/sl\/43-medunarodno-takmicenje-muzicke-omladine-u-solo-pevanju\/","title":{"rendered":"43. Me\u0111unarodno takmi\u010denje Muzi\u010dke omladine u solo pevanju"},"content":{"rendered":"<div>\n<p><span style=\"font-family: 'Times New Roman';\">43 Me\u0111unarodno takmi\u010denje Muzi\u010dke omladine\u00a0<\/span><span style=\"font-family: 'Times New Roman';\">po\u010delo je\u00a0 izvla\u010denjem takmi\u010darskih brojeva. U narednim danima u disciplini solo pevanje nadmeta\u0107e se 36 mladih umetnika iz devet zemalja.<\/span><\/p>\n<\/div>\n<p><span style=\"font-family: 'Times New Roman';\">Od 45 prijavljenih kandidata odabrano je 36 solo peva\u010da iz Koreje, Ukrajine, Rusije, Italije, Bugarske, Makedonije,<strong>\u00a0Slovenije<\/strong>, Crne Gore i Srbije, a takmi\u010denje \u0107e se kao i prethodnih godina odvijati u tri etape.<\/p>\n<p>Prva etapa odr\u017eava se od 21. do 23. marta, a druga 24. i 25. marta u Kolar\u010devoj zadu\u017ebini. Takmi\u010dari \u0107e nastupiti uz klavirsku pratnju Milice Ili\u0107 i Milivoja Velji\u0107a.<\/p>\n<p>Finale je zakazano za 27. i 28. mart, kada \u0107e se najbolji u\u010desnici predstaviti u pratnji Orkestra\u00a0<\/span><a rel=\"beograd\"><span style=\"color: #f58220;\"><span style=\"font-family: 'Times New Roman';\">Beogradske<\/span><\/span><\/a><span style=\"font-family: 'Times New Roman';\">\u00a0opere, pod upravom Savi\u0107a.<\/p>\n<p>Gala koncert i dodela nagrada bi\u0107e u Narodnom pozori\u0161tu 29. marta, tako\u0111e uz u\u010de\u0161\u0107e Orkestra\u00a0<\/span><a rel=\"beograd\"><span style=\"color: #f58220;\"><span style=\"font-family: 'Times New Roman';\">Beogradske<\/span><\/span><\/a><span style=\"font-family: 'Times New Roman';\">opere.<\/p>\n<p>Me\u0111unarodnim \u017eirijem predsedava\u0107e Kang Liang Peng (Kina), a \u010dlanovi su eminentni umetnici: Olivera Miljakovi\u0107 (Austrija), Valeri \u0160evalije (Francuska), Piter Robinson (Engleska), Radmila Bako\u010devi\u0107 (Srbija), Katarina Jovanovi\u0107 (Srbija) i Durlovski.<\/p>\n<p>Takmi\u010dari, koji se plasiraju u drugu etapu, po tradiciji imaju zadate kompozicije srpskih autora i ove godine to su tehni\u010dki zahtevna dela: &#8222;Pesma orla&#8220; Miloja Milojevi\u0107a za sopran, &#8222;Dodir&#8220; Mirjane \u017divkovi\u0107 (mecosopran), &#8222;Elegija&#8220; Stevana Hristi\u0107a (tenor) i &#8222;Jututunska narodna pesma&#8220; Nikole Hercigonje (bariton\/bas).<\/p>\n<p>Bi\u0107e dodeljene po tri nagrade za mu\u0161ki i \u017eenski glas: prva nagrada iznosi 200.000 dinara, druga 150.000, a tre\u0107a 100.000 dinara.<\/p>\n<p>Najuspe\u0161nijem finalisti na osnovu glasova publike bi\u0107e dodeljena Nagrada Kolar\u010deve zadu\u017ebine, za najbolja izvo\u0111enja zadatih kompozicija dve Nagrade op\u0161tine Stari Grad.<\/span><\/p>\n<p><span style=\"font-family: 'Times New Roman';\"><strong>Najbolja vokalna solistkinja dobi\u0107e priliku da nastupi u Sloveniji<\/strong>, dok \u0107e se najbolji solista predstaviti u Hrvatskoj<\/span><\/p>\n<p><a href=\"http:\/\/www.pressonline.rs\/zabava\/kultura\/266378\/pocinje-43-medjunarodno-takmicenje-muzicke-omladine.html\" target=\"_blank\">http:\/\/www.pressonline.rs\/<wbr>zabava\/kultura\/266378\/pocinje-<wbr>43-medjunarodno-takmicenje-<wbr>muzicke-omladine.html<\/wbr><\/wbr><\/wbr><\/a><\/p>","protected":false},"excerpt":{"rendered":"<p>43 Me\u0111unarodno takmi\u010denje Muzi\u010dke omladine\u00a0po\u010delo je\u00a0 izvla\u010denjem takmi\u010darskih brojeva. U narednim danima u disciplini solo pevanje nadmeta\u0107e se 36 mladih umetnika iz devet zemalja. Od 45 prijavljenih kandidata odabrano je 36 solo peva\u010da iz Koreje, Ukrajine, Rusije, Italije, Bugarske, Makedonije,\u00a0Slovenije, Crne Gore i Srbije, a takmi\u010denje \u0107e se kao i prethodnih godina odvijati u tri [&hellip;]<\/p>\n","protected":false},"author":1,"featured_media":0,"comment_status":"closed","ping_status":"closed","sticky":false,"template":"","format":"standard","meta":{"footnotes":""},"categories":[1],"tags":[],"class_list":["post-920","post","type-post","status-publish","format-standard","hentry","category-uncategorized"],"_links":{"self":[{"href":"https:\/\/slovenci.rs\/sl\/wp-json\/wp\/v2\/posts\/920","targetHints":{"allow":["GET"]}}],"collection":[{"href":"https:\/\/slovenci.rs\/sl\/wp-json\/wp\/v2\/posts"}],"about":[{"href":"https:\/\/slovenci.rs\/sl\/wp-json\/wp\/v2\/types\/post"}],"author":[{"embeddable":true,"href":"https:\/\/slovenci.rs\/sl\/wp-json\/wp\/v2\/users\/1"}],"replies":[{"embeddable":true,"href":"https:\/\/slovenci.rs\/sl\/wp-json\/wp\/v2\/comments?post=920"}],"version-history":[{"count":1,"href":"https:\/\/slovenci.rs\/sl\/wp-json\/wp\/v2\/posts\/920\/revisions"}],"predecessor-version":[{"id":921,"href":"https:\/\/slovenci.rs\/sl\/wp-json\/wp\/v2\/posts\/920\/revisions\/921"}],"wp:attachment":[{"href":"https:\/\/slovenci.rs\/sl\/wp-json\/wp\/v2\/media?parent=920"}],"wp:term":[{"taxonomy":"category","embeddable":true,"href":"https:\/\/slovenci.rs\/sl\/wp-json\/wp\/v2\/categories?post=920"},{"taxonomy":"post_tag","embeddable":true,"href":"https:\/\/slovenci.rs\/sl\/wp-json\/wp\/v2\/tags?post=920"}],"curies":[{"name":"wp","href":"https:\/\/api.w.org\/{rel}","templated":true}]}}