{"id":946,"date":"2013-04-11T18:45:11","date_gmt":"2013-04-11T16:45:11","guid":{"rendered":"https:\/\/slovenci.rs\/?p=946"},"modified":"2013-04-11T18:45:11","modified_gmt":"2013-04-11T16:45:11","slug":"dnevi-slovenske-kulture-v-novem-sadu","status":"publish","type":"post","link":"https:\/\/slovenci.rs\/sl\/dnevi-slovenske-kulture-v-novem-sadu\/","title":{"rendered":"Dnevi slovenske kulture v Novem Sadu"},"content":{"rendered":"<p>Dru\u0161tvo Slovencev Kredarica iz Novega Sada je v leto\u0161njem letu na\u010drtovalo izvedbo projekta\u00a0<strong>Dnevi slovenske kulture<\/strong>, ki bo potekal 16, 17. in 18. maja v Novem Sadu. Prvega dne manifestacije bo otvoritev razstave umetn\u0161ikih del umetnikov slovenskega rodu, v okviru omenjene razstave je na\u010drtovano, da tudi najmlaj\u0161i razstavijo svoje literarne in likovne prispevke na temo &#8222;Slovenija, domovina mojih prednikov&#8220;.<\/p>\n<p>Vabimo vas, da se tudi va\u0161e dru\u0161tvo udele\u017ei dogodka z enim literarnim in enim likovnim prispevkom. Posebnih propozicij za ude\u017elebo ni. Lahko sodelujejo mlaj\u0161i otroci, kot tudi najstniki. Dru\u0161tva naj sama izberejo eno najbolj\u0161e besedilo na omenjeno temo ter eden najbolj\u0161i likovni prispevek. Prosimo vas tudi, da besedilo (lahko je to tudi pesem) prevedete v srb\u0161\u010dino ter da nazna\u010dite ime, priimek in starost avtorja prispevka (in seveda ime dru\u0161tva). Razen v elektronski obliki, prispevke-besedila (v sloven\u0161\u010dini in srb\u0161\u010dini) po\u0161ljite tudi v originalu oz. rokopisu v sloven\u0161\u010dini (ki bo tudi razstavljen na panoju).<\/p>\n<p>Prosimo vas, da likovne prispevke po\u0161ljete po navadni po\u0161ti na naslov:<\/p>\n<p>Dru\u0161tvo Slovenaca &#8222;Kredarica&#8220;<\/p>\n<div>\nTrg slobode 3\/II<br \/>\n21000 Novi Sad<\/div>","protected":false},"excerpt":{"rendered":"<p>Dru\u0161tvo Slovencev Kredarica iz Novega Sada je v leto\u0161njem letu na\u010drtovalo izvedbo projekta\u00a0Dnevi slovenske kulture, ki bo potekal 16, 17. in 18. maja v Novem Sadu. Prvega dne manifestacije bo otvoritev razstave umetn\u0161ikih del umetnikov slovenskega rodu, v okviru omenjene razstave je na\u010drtovano, da tudi najmlaj\u0161i razstavijo svoje literarne in likovne prispevke na temo &#8222;Slovenija, [&hellip;]<\/p>\n","protected":false},"author":1,"featured_media":0,"comment_status":"closed","ping_status":"closed","sticky":false,"template":"","format":"standard","meta":{"footnotes":""},"categories":[1],"tags":[],"class_list":["post-946","post","type-post","status-publish","format-standard","hentry","category-uncategorized"],"_links":{"self":[{"href":"https:\/\/slovenci.rs\/sl\/wp-json\/wp\/v2\/posts\/946","targetHints":{"allow":["GET"]}}],"collection":[{"href":"https:\/\/slovenci.rs\/sl\/wp-json\/wp\/v2\/posts"}],"about":[{"href":"https:\/\/slovenci.rs\/sl\/wp-json\/wp\/v2\/types\/post"}],"author":[{"embeddable":true,"href":"https:\/\/slovenci.rs\/sl\/wp-json\/wp\/v2\/users\/1"}],"replies":[{"embeddable":true,"href":"https:\/\/slovenci.rs\/sl\/wp-json\/wp\/v2\/comments?post=946"}],"version-history":[{"count":1,"href":"https:\/\/slovenci.rs\/sl\/wp-json\/wp\/v2\/posts\/946\/revisions"}],"predecessor-version":[{"id":947,"href":"https:\/\/slovenci.rs\/sl\/wp-json\/wp\/v2\/posts\/946\/revisions\/947"}],"wp:attachment":[{"href":"https:\/\/slovenci.rs\/sl\/wp-json\/wp\/v2\/media?parent=946"}],"wp:term":[{"taxonomy":"category","embeddable":true,"href":"https:\/\/slovenci.rs\/sl\/wp-json\/wp\/v2\/categories?post=946"},{"taxonomy":"post_tag","embeddable":true,"href":"https:\/\/slovenci.rs\/sl\/wp-json\/wp\/v2\/tags?post=946"}],"curies":[{"name":"wp","href":"https:\/\/api.w.org\/{rel}","templated":true}]}}