{"id":948,"date":"2013-04-17T14:35:57","date_gmt":"2013-04-17T12:35:57","guid":{"rendered":"https:\/\/slovenci.rs\/?p=948"},"modified":"2013-04-17T14:36:17","modified_gmt":"2013-04-17T12:36:17","slug":"vabilo-na-prireditev-strune-milo-se-glasite","status":"publish","type":"post","link":"https:\/\/slovenci.rs\/sl\/vabilo-na-prireditev-strune-milo-se-glasite\/","title":{"rendered":"Vabilo na prireditev Strune, milo se glasite"},"content":{"rendered":"<p align=\"center\"><span style=\"font-family: 'Book Antiqua';\"><span style=\"color: #335748;\">Veleposlani\u0161tvo Republike Slovenije in Nacionalni svet slovenske narodne manj\u0161ine v sodelovanju z mestom Kragujevac,<\/span><\/span><\/p>\n<p align=\"center\"><span style=\"font-family: 'Book Antiqua';\"><span style=\"color: #335748;\">Dru\u0161tvom Kragujev\u010danov v Beogradu in Glasbenim centrom Kragujevac,<\/span><\/span><\/p>\n<p align=\"center\"><span style=\"font-family: 'Book Antiqua';\"><span style=\"color: #335748;\">vas vljudno vabijo na koncert zborovske glasbe<\/span><\/span><\/p>\n<p align=\"center\"><span style=\"font-family: 'Book Antiqua';\"><span style=\"color: #335748;\">slovenskih skladateljev, ki so ustvarjali in ustvarjajo v Srbiji<\/span><\/span><\/p>\n<p align=\"center\"><strong><span style=\"font-family: 'Book Antiqua';\"><span style=\"color: #335748;\">Strune, milo se glasite<\/span><\/span><\/strong><\/p>\n<p align=\"center\"><span style=\"font-family: 'Book Antiqua';\"><span style=\"color: #335748;\">v Domu vojske v Beogradu, v \u010detrtek, 25. aprila 2013 ob 20. uri.<\/span><\/span><\/p>\n<p align=\"center\"><span style=\"font-family: 'Book Antiqua';\"><span style=\"color: #335748;\">V programu sodelujejo:<\/span><\/span><\/p>\n<p align=\"center\"><strong><span style=\"font-family: 'Book Antiqua';\"><span style=\"color: #335748;\">Mestni komorni zbor Liceum, dirigent Miloje Nikoli\u0107<\/span><\/span><\/strong><strong><\/strong><\/p>\n<p align=\"center\"><strong><span style=\"font-family: 'Book Antiqua';\"><span style=\"color: #335748;\">Komorni ansambel \u0160kancin<\/span><\/span><\/strong><\/p>\n<p align=\"center\"><span style=\"font-family: 'Book Antiqua';\"><span style=\"color: #335748;\"><span>Na programu so dela\u00a0<\/span><span>J. P. Gallusa, Davorina Jenka,<\/span><span>\u00a0<\/span><\/span><\/span><\/p>\n<p align=\"center\"><span style=\"font-family: 'Book Antiqua';\"><span style=\"color: #335748;\">Mihovila Logarja, Zlatana Vaude in Anice Sabo<\/span><\/span><\/p>\n<p align=\"center\">\n<p align=\"center\"><span style=\"font-family: 'Book Antiqua';\"><span style=\"color: #002060;\">\u0410\u043c\u0431\u0430\u0441\u0430\u0434\u0430 \u0420\u0435\u043f\u0443\u0431\u043b\u0438\u043a\u0435 \u0421\u043b\u043e\u0432\u0435\u043d\u0438\u0458\u0435 \u0438 \u041d\u0430\u0446\u0438\u043e\u043d\u0430\u043b\u043d\u0438 \u0441\u0430\u0432\u0435\u0442 \u0441\u043b\u043e\u0432\u0435\u043d\u0430\u0447\u043a\u0435 \u043d\u0430\u0446\u0438\u043e\u043d\u0430\u043b\u043d\u0435 \u043c\u0430\u045a\u0438\u043d\u0435 \u0443 \u0441\u0430\u0440\u0430\u0434\u045a\u0438 \u0441\u0430 \u0433\u0440\u0430\u0434\u043e\u043c \u041a\u0440\u0430\u0433\u0443\u0458\u0435\u0432\u0446\u0435\u043c,<\/span><\/span><\/p>\n<p align=\"center\"><span style=\"font-family: 'Book Antiqua';\"><span style=\"color: #002060;\">\u0423\u0434\u0440\u0443\u0436\u0435\u045a\u0435\u043c \u041a\u0440\u0430\u0433\u0443\u0458\u0435\u0432\u0447\u0430\u043d\u0430 \u0443 \u0411\u0435\u043e\u0433\u0440\u0430\u0434\u0443 \u0438 \u041c\u0443\u0437\u0438\u0447\u043a\u0438\u043c \u0446\u0435\u043d\u0442\u0440\u043e\u043c \u041a\u0440\u0430\u0433\u0443\u0458\u0435\u0432\u0430\u0446 \u0438\u043c\u0430\u0458\u0443 \u0447\u0430\u0441\u0442 \u0434\u0430 \u0432\u0430\u0441 \u043f\u043e\u0437\u043e\u0432\u0443<\/span><\/span><\/p>\n<p align=\"center\"><span style=\"font-family: 'Book Antiqua';\"><span style=\"color: #002060;\">\u043d\u0430 \u043a\u043e\u043d\u0446\u0435\u0440\u0442 \u0445\u043e\u0440\u0441\u043a\u0435 \u043c\u0443\u0437\u0438\u043a\u0435 \u0441\u043b\u043e\u0432\u0435\u043d\u0430\u0447\u043a\u0438\u0445 \u043a\u043e\u043c\u043f\u043e\u0437\u0438\u0442\u043e\u0440\u0430<\/span><\/span><\/p>\n<p align=\"center\"><span style=\"font-family: 'Book Antiqua';\"><span style=\"color: #002060;\">\u043a\u043e\u0458\u0438 \u0441\u0443 \u0441\u0442\u0432\u0430\u0440\u0430\u043b\u0438 \u0438 \u0441\u0442\u0432\u0430\u0440\u0430\u0458\u0443 \u0443 \u0421\u0440\u0431\u0438\u0458\u0438<\/span><\/span><\/p>\n<p align=\"center\"><strong><span style=\"font-family: 'Book Antiqua';\"><span style=\"color: #002060;\">Strune, milo se glasite<\/span><\/span><\/strong><strong><\/strong><\/p>\n<p align=\"center\"><span style=\"font-family: 'Book Antiqua';\"><span style=\"color: #002060;\">\u0443 \u0414\u043e\u043c\u0443 \u0432\u043e\u0458\u0441\u043a\u0435 \u0443 \u0411\u0435\u043e\u0433\u0440\u0430\u0434\u0443,<\/span><\/span><\/p>\n<p align=\"center\"><span style=\"font-family: 'Book Antiqua';\"><span style=\"color: #002060;\">\u0443 \u0447\u0435\u0442\u0432\u0440\u0442\u0430\u043a, 25. \u0430\u043f\u0440\u0438\u043b\u0430 2013. \u0443 20 \u0441\u0430\u0442\u0438.<\/span><\/span><\/p>\n<p align=\"center\">\n<p align=\"center\"><span style=\"font-family: 'Book Antiqua';\"><span style=\"color: #002060;\">\u0423 \u043f\u0440\u043e\u0433\u0440\u0430\u043c\u0443 \u0443\u0447\u0435\u0441\u0442\u0432\u0443\u0458\u0443:<\/span><\/span><\/p>\n<p align=\"center\"><span style=\"font-family: 'Book Antiqua';\"><span style=\"color: #002060;\">\u0413\u0440\u0430\u0434\u0441\u043a\u0438 \u043a\u0430\u043c\u0435\u0440\u043d\u0438 \u0445\u043e\u0440 \u041b\u0438\u0446\u0435\u0443\u043c, \u0434\u0438\u0440\u0438\u0433\u0435\u043d\u0442 \u041c\u0438\u043b\u043e\u0458\u0435 \u041d\u0438\u043a\u043e\u043b\u0438\u045b<\/span><\/span><\/p>\n<p align=\"center\"><span style=\"font-family: 'Book Antiqua';\"><span style=\"color: #002060;\">\u041a\u0430\u043c\u0435\u0440\u043d\u0438 \u0430\u043d\u0441\u0430\u043c\u0431\u043b \u0428\u043a\u0430\u043d\u0446\u0438\u043d<\/span><\/span><\/p>\n<p><strong><\/strong><\/p>\n<p align=\"center\"><span style=\"font-family: 'Book Antiqua';\"><span style=\"color: #002060;\">\u041d\u0430 \u043f\u0440\u043e\u0433\u0440\u0430\u043c\u0443 \u0441\u0443 \u0434\u0435\u043b\u0430 \u0408. \u041f. \u0413\u0430\u043b\u0443\u0441\u0430, \u0414\u0430\u0432\u043e\u0440\u0438\u043d\u0430 \u0408\u0435\u043d\u043a\u0430,<\/span><\/span><\/p>\n<p align=\"center\"><span style=\"font-family: 'Book Antiqua';\"><span style=\"color: #002060;\">\u041c\u0438\u0445\u043e\u0432\u0438\u043b\u0430 \u041b\u043e\u0433\u0430\u0440\u0430, \u0417\u043b\u0430\u0442\u0430\u043d\u0430 \u0412\u0430\u0443\u0434\u0435 \u0438 \u0410\u043d\u0438\u0446\u0435 \u0421\u0430\u0431\u043e<\/span><\/span><\/p>","protected":false},"excerpt":{"rendered":"<p>Veleposlani\u0161tvo Republike Slovenije in Nacionalni svet slovenske narodne manj\u0161ine v sodelovanju z mestom Kragujevac, Dru\u0161tvom Kragujev\u010danov v Beogradu in Glasbenim centrom Kragujevac, vas vljudno vabijo na koncert zborovske glasbe slovenskih skladateljev, ki so ustvarjali in ustvarjajo v Srbiji Strune, milo se glasite v Domu vojske v Beogradu, v \u010detrtek, 25. aprila 2013 ob 20. uri. [&hellip;]<\/p>\n","protected":false},"author":1,"featured_media":0,"comment_status":"closed","ping_status":"closed","sticky":false,"template":"","format":"standard","meta":{"footnotes":""},"categories":[1],"tags":[],"class_list":["post-948","post","type-post","status-publish","format-standard","hentry","category-uncategorized"],"_links":{"self":[{"href":"https:\/\/slovenci.rs\/sl\/wp-json\/wp\/v2\/posts\/948","targetHints":{"allow":["GET"]}}],"collection":[{"href":"https:\/\/slovenci.rs\/sl\/wp-json\/wp\/v2\/posts"}],"about":[{"href":"https:\/\/slovenci.rs\/sl\/wp-json\/wp\/v2\/types\/post"}],"author":[{"embeddable":true,"href":"https:\/\/slovenci.rs\/sl\/wp-json\/wp\/v2\/users\/1"}],"replies":[{"embeddable":true,"href":"https:\/\/slovenci.rs\/sl\/wp-json\/wp\/v2\/comments?post=948"}],"version-history":[{"count":2,"href":"https:\/\/slovenci.rs\/sl\/wp-json\/wp\/v2\/posts\/948\/revisions"}],"predecessor-version":[{"id":950,"href":"https:\/\/slovenci.rs\/sl\/wp-json\/wp\/v2\/posts\/948\/revisions\/950"}],"wp:attachment":[{"href":"https:\/\/slovenci.rs\/sl\/wp-json\/wp\/v2\/media?parent=948"}],"wp:term":[{"taxonomy":"category","embeddable":true,"href":"https:\/\/slovenci.rs\/sl\/wp-json\/wp\/v2\/categories?post=948"},{"taxonomy":"post_tag","embeddable":true,"href":"https:\/\/slovenci.rs\/sl\/wp-json\/wp\/v2\/tags?post=948"}],"curies":[{"name":"wp","href":"https:\/\/api.w.org\/{rel}","templated":true}]}}